{"id":22967,"date":"2024-08-27T17:10:00","date_gmt":"2024-08-27T17:10:00","guid":{"rendered":"https:\/\/cnctulua.tv\/?p=22967"},"modified":"2024-08-27T17:10:11","modified_gmt":"2024-08-27T17:10:11","slug":"casos-de-violencia-con-arma-de-fuego-en-roldanillo-y-palmira-detalles-de-las-inspecciones-de-medicina-legal","status":"publish","type":"post","link":"https:\/\/cnctulua.tv\/?p=22967","title":{"rendered":"CASOS DE VIOLENCIA CON ARMA DE FUEGO EN ROLDANILLO Y PALMIRA: DETALLES DE LAS INSPECCIONES DE MEDICINA LEGAL."},"content":{"rendered":"\n<p>En instalaciones de Medicina legal de Roldanillo, por hechos ocurridos en la vereda el Fusil, Cgto. La Primavera, personal de SIJIN, realiz\u00f3 inspecci\u00f3n t\u00e9cnica a cad\u00e1ver LUIS ALFREDO GARAY AGUDELO, 22 a\u00f1os, presenta heridas ocasionadas con arma de fuego, el hecho se presenta al parecer por un sujeto quien le ocasiona las heridas y huye del lugar, el cuerpo sin vida es trasladado a las instalaciones de medicina legal, m\u00f3viles y agresores son materia de investigaci\u00f3n.<\/p>\n\n\n\n<p><\/p>\n\n\n\n<figure class=\"wp-block-embed is-type-video is-provider-youtube wp-block-embed-youtube wp-embed-aspect-16-9 wp-has-aspect-ratio\"><div class=\"wp-block-embed__wrapper\">\n<iframe loading=\"lazy\" title=\"Investigaciones de Homicidios en Roldanillo y Palmira: Dos casos de violencia con arma de fuego.\" width=\"640\" height=\"360\" src=\"https:\/\/www.youtube.com\/embed\/jUvRT60RP1I?feature=oembed\" frameborder=\"0\" allow=\"accelerometer; autoplay; clipboard-write; encrypted-media; gyroscope; picture-in-picture; web-share\" referrerpolicy=\"strict-origin-when-cross-origin\" allowfullscreen><\/iframe>\n<\/div><\/figure>\n\n\n\n<p>En instalaciones de medicina legal de Palmira, por hechos ocurridos en la vereda los Aujil, sector puente Las \u00c1guilas, personal de SIJIN, realiz\u00f3 inspecci\u00f3n t\u00e9cnica a cad\u00e1ver de JOHNNY PASICHANA VILLOTA, 27 a\u00f1os, presenta heridas ocasionadas con arma de fuego. M\u00f3viles por Ajuste de cuentas, agresores son materia de investigaci\u00f3n.<\/p>\n","protected":false},"excerpt":{"rendered":"<p>En instalaciones de Medicina legal de Roldanillo, por hechos ocurridos en la vereda el Fusil, Cgto. La Primavera, personal de SIJIN, realiz\u00f3 inspecci\u00f3n t\u00e9cnica a cad\u00e1ver LUIS ALFREDO GARAY AGUDELO, 22 a\u00f1os, presenta heridas ocasionadas con arma de fuego, el hecho se presenta al parecer por un sujeto quien le ocasiona las heridas y huye [&hellip;]<\/p>\n","protected":false},"author":4,"featured_media":22969,"comment_status":"open","ping_status":"open","sticky":false,"template":"","format":"video","meta":{"footnotes":""},"categories":[1],"tags":[],"class_list":["post-22967","post","type-post","status-publish","format-video","has-post-thumbnail","hentry","category-uncategorized","post_format-post-format-video"],"_links":{"self":[{"href":"https:\/\/cnctulua.tv\/index.php?rest_route=\/wp\/v2\/posts\/22967","targetHints":{"allow":["GET"]}}],"collection":[{"href":"https:\/\/cnctulua.tv\/index.php?rest_route=\/wp\/v2\/posts"}],"about":[{"href":"https:\/\/cnctulua.tv\/index.php?rest_route=\/wp\/v2\/types\/post"}],"author":[{"embeddable":true,"href":"https:\/\/cnctulua.tv\/index.php?rest_route=\/wp\/v2\/users\/4"}],"replies":[{"embeddable":true,"href":"https:\/\/cnctulua.tv\/index.php?rest_route=%2Fwp%2Fv2%2Fcomments&post=22967"}],"version-history":[{"count":1,"href":"https:\/\/cnctulua.tv\/index.php?rest_route=\/wp\/v2\/posts\/22967\/revisions"}],"predecessor-version":[{"id":22970,"href":"https:\/\/cnctulua.tv\/index.php?rest_route=\/wp\/v2\/posts\/22967\/revisions\/22970"}],"wp:featuredmedia":[{"embeddable":true,"href":"https:\/\/cnctulua.tv\/index.php?rest_route=\/wp\/v2\/media\/22969"}],"wp:attachment":[{"href":"https:\/\/cnctulua.tv\/index.php?rest_route=%2Fwp%2Fv2%2Fmedia&parent=22967"}],"wp:term":[{"taxonomy":"category","embeddable":true,"href":"https:\/\/cnctulua.tv\/index.php?rest_route=%2Fwp%2Fv2%2Fcategories&post=22967"},{"taxonomy":"post_tag","embeddable":true,"href":"https:\/\/cnctulua.tv\/index.php?rest_route=%2Fwp%2Fv2%2Ftags&post=22967"}],"curies":[{"name":"wp","href":"https:\/\/api.w.org\/{rel}","templated":true}]}}