{"id":23006,"date":"2024-08-27T18:46:59","date_gmt":"2024-08-27T18:46:59","guid":{"rendered":"https:\/\/cnctulua.tv\/?p=23006"},"modified":"2024-08-27T18:47:03","modified_gmt":"2024-08-27T18:47:03","slug":"fortaleciendo-al-personal-para-una-atencion-de-calidad-la-nueva-iniciativa-del-hospital-departamental-tomas-uribe-uribe","status":"publish","type":"post","link":"https:\/\/cnctulua.tv\/?p=23006","title":{"rendered":"FORTALECIENDO AL PERSONAL PARA UNA ATENCI\u00d3N DE CALIDAD: LA NUEVA INICIATIVA DEL HOSPITAL DEPARTAMENTAL TOM\u00c1S URIBE URIBE."},"content":{"rendered":"\n<p>El Hospital Departamental Tom\u00e1s Uribe Uribe ha puesto en marcha una ambiciosa serie de capacitaciones destinadas a mejorar el bienestar y la competencia de su equipo de trabajo. Bajo la direcci\u00f3n de Felipe Jos\u00e9 Tinoco Zapata, Gerente del hospital, esta nueva estrategia se enfoca en el crecimiento personal y profesional de los empleados, con el objetivo de elevar la calidad de la atenci\u00f3n al paciente y fortalecer el ambiente laboral.<\/p>\n\n\n\n<p><\/p>\n\n\n\n<figure class=\"wp-block-embed is-type-video is-provider-youtube wp-block-embed-youtube wp-embed-aspect-16-9 wp-has-aspect-ratio\"><div class=\"wp-block-embed__wrapper\">\n<iframe loading=\"lazy\" title=\"El H. Departamental Tom\u00e1s Uribe Uribe lanza iniciativa de capacitaci\u00f3n integral para su personal.\" width=\"640\" height=\"360\" src=\"https:\/\/www.youtube.com\/embed\/bE2qxQyiL_I?feature=oembed\" frameborder=\"0\" allow=\"accelerometer; autoplay; clipboard-write; encrypted-media; gyroscope; picture-in-picture; web-share\" referrerpolicy=\"strict-origin-when-cross-origin\" allowfullscreen><\/iframe>\n<\/div><\/figure>\n\n\n\n<p>En declaraciones recientes, Tinoco Zapata explic\u00f3 que el programa de capacitaci\u00f3n no solo busca asegurar el bienestar emocional de los funcionarios, sino tambi\u00e9n fomentar su desarrollo integral. \u201cLa formaci\u00f3n que estamos ofreciendo va m\u00e1s all\u00e1 del simple bienestar. Se trata de proporcionar herramientas que fortalezcan el proyecto de vida personal y familiar de cada empleado, lo cual repercute positivamente en su desempe\u00f1o laboral y, por ende, en la calidad del servicio que ofrecemos\u201d, afirm\u00f3.<\/p>\n\n\n\n<p>El hospital ha colaborado con una fundaci\u00f3n especializada de Bogot\u00e1 para implementar estos programas. La capacitaci\u00f3n abarca aspectos cruciales como el fortalecimiento del car\u00e1cter, la toma de decisiones y el liderazgo. Estos elementos est\u00e1n dise\u00f1ados para ayudar a los empleados a manejar mejor sus responsabilidades tanto dentro del hospital como en su vida personal.<\/p>\n\n\n\n<p>Tinoco Zapata subray\u00f3 que este enfoque integral es fundamental para preparar al personal para enfrentar las situaciones de alta presi\u00f3n que se presentan en el entorno hospitalario. \u201cCuando un paciente llega al hospital, a menudo lo hace en un estado de gran estr\u00e9s. Es crucial que nuestro personal est\u00e9 capacitado para manejar estos momentos con serenidad y profesionalismo\u201d, se\u00f1al\u00f3 el gerente.<\/p>\n\n\n\n<p>Adem\u00e1s, Tinoco Zapata ha adoptado un papel activo en el proceso de capacitaci\u00f3n, participando personalmente en las sesiones de formaci\u00f3n. \u201cPara liderar de manera efectiva, uno debe estar consciente de sus propias fortalezas y debilidades. Mi participaci\u00f3n en estas capacitaciones refleja mi compromiso con el desarrollo del hospital y de cada miembro de nuestro equipo\u201d, afirm\u00f3.<\/p>\n\n\n\n<p>La reciente reuni\u00f3n de capacitaci\u00f3n tambi\u00e9n destac\u00f3 la importancia de la colaboraci\u00f3n y el compromiso con el bien com\u00fan. \u201cLa clave de nuestro \u00e9xito radica en la capacidad de nuestros empleados para trabajar juntos hacia un objetivo com\u00fan. Este programa de capacitaci\u00f3n est\u00e1 dise\u00f1ado para fomentar ese esp\u00edritu de equipo y mejorar el progreso continuo del hospital\u201d, concluy\u00f3 Tinoco Zapata.<\/p>\n\n\n\n<p>Con esta iniciativa, el Hospital Departamental Tom\u00e1s Uribe Uribe no solo busca mejorar la calidad de la atenci\u00f3n m\u00e9dica, sino tambi\u00e9n ofrecer un entorno de trabajo m\u00e1s enriquecedor y equilibrado para sus empleados, reafirmando su compromiso con la excelencia en el servicio y el desarrollo integral de su equipo.<\/p>\n","protected":false},"excerpt":{"rendered":"<p>El Hospital Departamental Tom\u00e1s Uribe Uribe ha puesto en marcha una ambiciosa serie de capacitaciones destinadas a mejorar el bienestar y la competencia de su equipo de trabajo. Bajo la direcci\u00f3n de Felipe Jos\u00e9 Tinoco Zapata, Gerente del hospital, esta nueva estrategia se enfoca en el crecimiento personal y profesional de los empleados, con el [&hellip;]<\/p>\n","protected":false},"author":4,"featured_media":23007,"comment_status":"open","ping_status":"open","sticky":false,"template":"","format":"video","meta":{"footnotes":""},"categories":[1],"tags":[],"class_list":["post-23006","post","type-post","status-publish","format-video","has-post-thumbnail","hentry","category-uncategorized","post_format-post-format-video"],"_links":{"self":[{"href":"https:\/\/cnctulua.tv\/index.php?rest_route=\/wp\/v2\/posts\/23006","targetHints":{"allow":["GET"]}}],"collection":[{"href":"https:\/\/cnctulua.tv\/index.php?rest_route=\/wp\/v2\/posts"}],"about":[{"href":"https:\/\/cnctulua.tv\/index.php?rest_route=\/wp\/v2\/types\/post"}],"author":[{"embeddable":true,"href":"https:\/\/cnctulua.tv\/index.php?rest_route=\/wp\/v2\/users\/4"}],"replies":[{"embeddable":true,"href":"https:\/\/cnctulua.tv\/index.php?rest_route=%2Fwp%2Fv2%2Fcomments&post=23006"}],"version-history":[{"count":1,"href":"https:\/\/cnctulua.tv\/index.php?rest_route=\/wp\/v2\/posts\/23006\/revisions"}],"predecessor-version":[{"id":23008,"href":"https:\/\/cnctulua.tv\/index.php?rest_route=\/wp\/v2\/posts\/23006\/revisions\/23008"}],"wp:featuredmedia":[{"embeddable":true,"href":"https:\/\/cnctulua.tv\/index.php?rest_route=\/wp\/v2\/media\/23007"}],"wp:attachment":[{"href":"https:\/\/cnctulua.tv\/index.php?rest_route=%2Fwp%2Fv2%2Fmedia&parent=23006"}],"wp:term":[{"taxonomy":"category","embeddable":true,"href":"https:\/\/cnctulua.tv\/index.php?rest_route=%2Fwp%2Fv2%2Fcategories&post=23006"},{"taxonomy":"post_tag","embeddable":true,"href":"https:\/\/cnctulua.tv\/index.php?rest_route=%2Fwp%2Fv2%2Ftags&post=23006"}],"curies":[{"name":"wp","href":"https:\/\/api.w.org\/{rel}","templated":true}]}}