{"id":23026,"date":"2024-08-27T19:50:57","date_gmt":"2024-08-27T19:50:57","guid":{"rendered":"https:\/\/cnctulua.tv\/?p=23026"},"modified":"2024-08-27T19:51:01","modified_gmt":"2024-08-27T19:51:01","slug":"colombia-tech-week-gobernacion-del-valle-impulsa-el-ecosistema-tecnologico-con-nuevas-iniciativas","status":"publish","type":"post","link":"https:\/\/cnctulua.tv\/?p=23026","title":{"rendered":"COLOMBIA \u2018TECH WEEK\u2019: GOBERNACI\u00d3N DEL VALLE IMPULSA EL ECOSISTEMA TECNOL\u00d3GICO CON NUEVAS INICIATIVAS."},"content":{"rendered":"\n<p><\/p>\n\n\n\n<p>Durante la celebraci\u00f3n de Colombia \u2018Tech Week\u2019, la Gobernaci\u00f3n del Valle del Cauca ha hecho una destacada incursi\u00f3n para fortalecer el ecosistema tecnol\u00f3gico de la regi\u00f3n. El evento, dise\u00f1ado para conectar los emprendimientos tecnol\u00f3gicos nacionales con inversores globales, se convirti\u00f3 en una plataforma clave para la implementaci\u00f3n de nuevas estrategias de apoyo a los emprendedores locales.<\/p>\n\n\n\n<p><\/p>\n\n\n\n<figure class=\"wp-block-embed is-type-video is-provider-youtube wp-block-embed-youtube wp-embed-aspect-16-9 wp-has-aspect-ratio\"><div class=\"wp-block-embed__wrapper\">\n<iframe loading=\"lazy\" title=\"La Gobernaci\u00f3n del Valle del Cauca refuerza su ecosistema tecnol\u00f3gico en Colombia \u2018Tech Week\u2019.\" width=\"640\" height=\"360\" src=\"https:\/\/www.youtube.com\/embed\/mMiYEYh_8Ms?feature=oembed\" frameborder=\"0\" allow=\"accelerometer; autoplay; clipboard-write; encrypted-media; gyroscope; picture-in-picture; web-share\" referrerpolicy=\"strict-origin-when-cross-origin\" allowfullscreen><\/iframe>\n<\/div><\/figure>\n\n\n\n<p>En este contexto, la administraci\u00f3n del Valle logr\u00f3 establecer importantes mesas de trabajo para fomentar el financiamiento y el impulso de las startups tecnol\u00f3gicas del departamento. Uno de los logros significativos fue el acuerdo alcanzado con la Bolsa de Valores, a2censo e InfiValle para la creaci\u00f3n de un Fondo destinado a invertir en los emprendimientos tecnol\u00f3gicos. El Secretario de Desarrollo Econ\u00f3mico del Valle y Competitividad, \u00d3scar Eduardo Vivas, subray\u00f3 la importancia de esta iniciativa, haciendo un llamado a los fondos de inversi\u00f3n y \u00e1ngeles inversionistas para que se unan a este esfuerzo. \u201cNuestro Distrito de Innovaci\u00f3n e Inteligencia Artificial, NIDO, marca hoy un hito\u201d, coment\u00f3 Vivas.<\/p>\n\n\n\n<p>La Gobernadora del Valle, Dilian Francisca Toro, tambi\u00e9n particip\u00f3 activamente en el evento, reuni\u00e9ndose con varios fondos de inversi\u00f3n para presentar los programas emblem\u00e1ticos del departamento, como NIDO. Toro destac\u00f3 que el Valle del Cauca est\u00e1 demostrando su potencial no solo a nivel nacional, sino tambi\u00e9n frente a inversionistas y corporaciones latinoamericanas. Resalt\u00f3 que, gracias a estas iniciativas, ya se han logrado casos de \u00e9xito significativos, como el respaldo financiero de 1.2 millones de d\u00f3lares para una de las startups de NIDO.<\/p>\n","protected":false},"excerpt":{"rendered":"<p>Durante la celebraci\u00f3n de Colombia \u2018Tech Week\u2019, la Gobernaci\u00f3n del Valle del Cauca ha hecho una destacada incursi\u00f3n para fortalecer el ecosistema tecnol\u00f3gico de la regi\u00f3n. El evento, dise\u00f1ado para conectar los emprendimientos tecnol\u00f3gicos nacionales con inversores globales, se convirti\u00f3 en una plataforma clave para la implementaci\u00f3n de nuevas estrategias de apoyo a los emprendedores [&hellip;]<\/p>\n","protected":false},"author":4,"featured_media":23027,"comment_status":"open","ping_status":"open","sticky":false,"template":"","format":"video","meta":{"footnotes":""},"categories":[1],"tags":[],"class_list":["post-23026","post","type-post","status-publish","format-video","has-post-thumbnail","hentry","category-uncategorized","post_format-post-format-video"],"_links":{"self":[{"href":"https:\/\/cnctulua.tv\/index.php?rest_route=\/wp\/v2\/posts\/23026","targetHints":{"allow":["GET"]}}],"collection":[{"href":"https:\/\/cnctulua.tv\/index.php?rest_route=\/wp\/v2\/posts"}],"about":[{"href":"https:\/\/cnctulua.tv\/index.php?rest_route=\/wp\/v2\/types\/post"}],"author":[{"embeddable":true,"href":"https:\/\/cnctulua.tv\/index.php?rest_route=\/wp\/v2\/users\/4"}],"replies":[{"embeddable":true,"href":"https:\/\/cnctulua.tv\/index.php?rest_route=%2Fwp%2Fv2%2Fcomments&post=23026"}],"version-history":[{"count":1,"href":"https:\/\/cnctulua.tv\/index.php?rest_route=\/wp\/v2\/posts\/23026\/revisions"}],"predecessor-version":[{"id":23028,"href":"https:\/\/cnctulua.tv\/index.php?rest_route=\/wp\/v2\/posts\/23026\/revisions\/23028"}],"wp:featuredmedia":[{"embeddable":true,"href":"https:\/\/cnctulua.tv\/index.php?rest_route=\/wp\/v2\/media\/23027"}],"wp:attachment":[{"href":"https:\/\/cnctulua.tv\/index.php?rest_route=%2Fwp%2Fv2%2Fmedia&parent=23026"}],"wp:term":[{"taxonomy":"category","embeddable":true,"href":"https:\/\/cnctulua.tv\/index.php?rest_route=%2Fwp%2Fv2%2Fcategories&post=23026"},{"taxonomy":"post_tag","embeddable":true,"href":"https:\/\/cnctulua.tv\/index.php?rest_route=%2Fwp%2Fv2%2Ftags&post=23026"}],"curies":[{"name":"wp","href":"https:\/\/api.w.org\/{rel}","templated":true}]}}