{"id":23034,"date":"2024-08-27T20:31:56","date_gmt":"2024-08-27T20:31:56","guid":{"rendered":"https:\/\/cnctulua.tv\/?p=23034"},"modified":"2024-08-27T20:33:00","modified_gmt":"2024-08-27T20:33:00","slug":"presidenta-de-asocana-exige-reforzar-la-seguridad-para-trabajadores-del-campo-tras-nuevos-ataques","status":"publish","type":"post","link":"https:\/\/cnctulua.tv\/?p=23034","title":{"rendered":"PRESIDENTA DE ASOCA\u00d1A, EXIGE REFORZAR LA SEGURIDAD PARA TRABAJADORES DEL CAMPO TRAS NUEVOS ATAQUES."},"content":{"rendered":"\n<p>La presidenta de Asoca\u00f1a, Claudia Calero, ha hecho un llamado urgente al Gobierno Nacional y a las autoridades judiciales para fortalecer las medidas de seguridad destinadas a los trabajadores del campo. Calero particip\u00f3 este lunes en un encuentro sobre seguridad convocado por la Presidencia de la Rep\u00fablica, al que asistieron representantes del Gobierno Nacional, del sector privado, as\u00ed como miembros de la c\u00fapula militar y policial.<\/p>\n\n\n\n<figure class=\"wp-block-embed is-type-video is-provider-youtube wp-block-embed-youtube wp-embed-aspect-16-9 wp-has-aspect-ratio\"><div class=\"wp-block-embed__wrapper\">\n<iframe loading=\"lazy\" title=\"Asoca\u00f1a Pide medidas Uugentes para combatir la inseguridad en el campo.\" width=\"640\" height=\"360\" src=\"https:\/\/www.youtube.com\/embed\/ZWDBsXp5G0c?feature=oembed\" frameborder=\"0\" allow=\"accelerometer; autoplay; clipboard-write; encrypted-media; gyroscope; picture-in-picture; web-share\" referrerpolicy=\"strict-origin-when-cross-origin\" allowfullscreen><\/iframe>\n<\/div><\/figure>\n\n\n\n<p>Durante la reuni\u00f3n, Calero destac\u00f3 que en el \u00e1rea de influencia de la agroindustria de la ca\u00f1a, se han registrado 225 incidentes de inseguridad en 2024. Estos eventos incluyen ataques contra la integridad de los trabajadores, secuestros, hurtos y hostigamientos por parte de grupos al margen de la ley. La presidenta de Asoca\u00f1a subray\u00f3 que estos problemas afectan a m\u00e1s del 70 % de los municipios donde opera la agroindustria, extendi\u00e9ndose desde el sur de Risaralda hasta el norte del Cauca.<\/p>\n\n\n\n<p>\u201cEntre las situaciones m\u00e1s dolorosas que hemos enfrentado este a\u00f1o, se encuentran el asesinato de un trabajador, otro herido y dos secuestrados en el norte del Cauca\u201d, inform\u00f3 Calero. La presidenta tambi\u00e9n hizo hincapi\u00e9 en el impacto generalizado de estos incidentes, que generan una creciente preocupaci\u00f3n entre los trabajadores del campo. El hurto ha sido uno de los delitos m\u00e1s frecuentes, con 175 casos reportados en lo que va del a\u00f1o.<\/p>\n\n\n\n<figure class=\"wp-block-image size-large\"><img loading=\"lazy\" decoding=\"async\" width=\"1024\" height=\"683\" src=\"https:\/\/cnctulua.tv\/wp-content\/uploads\/2024\/08\/trabajadores-1-1024x683.jpg\" alt=\"\" class=\"wp-image-23036\" srcset=\"https:\/\/cnctulua.tv\/wp-content\/uploads\/2024\/08\/trabajadores-1-1024x683.jpg 1024w, https:\/\/cnctulua.tv\/wp-content\/uploads\/2024\/08\/trabajadores-1-300x200.jpg 300w, https:\/\/cnctulua.tv\/wp-content\/uploads\/2024\/08\/trabajadores-1-768x512.jpg 768w, https:\/\/cnctulua.tv\/wp-content\/uploads\/2024\/08\/trabajadores-1.jpg 1500w\" sizes=\"auto, (max-width: 1024px) 100vw, 1024px\" \/><figcaption class=\"wp-element-caption\">Ribeir\u00e3o Preto 20\/12\/2005 \rtrabalhadoras rurais, trabalhando no plantio da cana para a safra do pr\u00f3ximo ano\rna usina  S\u00e3o Matinho, em Ribeir\u00e3o Preto.<\/figcaption><\/figure>\n\n\n\n<p>Calero argument\u00f3 que la seguridad en la zona rural es crucial no solo para proteger a los trabajadores, sino tambi\u00e9n para el desarrollo econ\u00f3mico de la regi\u00f3n. \u201cRegiones como Valle y Cauca necesitan estrategias integrales de seguridad, ya que los eventos en un departamento afectan a los circundantes. El sur del Valle y el norte del Cauca son los sectores m\u00e1s vulnerables en t\u00e9rminos de seguridad\u201d, explic\u00f3.<\/p>\n\n\n\n<p>Durante el encuentro, la Presidencia de la Rep\u00fablica propuso un plan de seguimiento en colaboraci\u00f3n con el sector privado para abordar la crisis de seguridad. Calero concluy\u00f3 con un firme llamado a intensificar las estrategias de seguridad y garantizar que la justicia se aplique eficazmente en estas \u00e1reas afectadas.<\/p>\n\n\n\n<p>El evento destac\u00f3 la necesidad de una respuesta concertada para mejorar la seguridad en el campo y asegurar un entorno seguro para los trabajadores, as\u00ed como para fomentar el desarrollo sustentable de la agroindustria en el pa\u00eds.<\/p>\n\n\n\n<figure class=\"wp-block-video\"><\/figure>\n","protected":false},"excerpt":{"rendered":"<p>La presidenta de Asoca\u00f1a, Claudia Calero, ha hecho un llamado urgente al Gobierno Nacional y a las autoridades judiciales para fortalecer las medidas de seguridad destinadas a los trabajadores del campo. Calero particip\u00f3 este lunes en un encuentro sobre seguridad convocado por la Presidencia de la Rep\u00fablica, al que asistieron representantes del Gobierno Nacional, del [&hellip;]<\/p>\n","protected":false},"author":4,"featured_media":23039,"comment_status":"open","ping_status":"open","sticky":false,"template":"","format":"video","meta":{"footnotes":""},"categories":[1],"tags":[],"class_list":["post-23034","post","type-post","status-publish","format-video","has-post-thumbnail","hentry","category-uncategorized","post_format-post-format-video"],"_links":{"self":[{"href":"https:\/\/cnctulua.tv\/index.php?rest_route=\/wp\/v2\/posts\/23034","targetHints":{"allow":["GET"]}}],"collection":[{"href":"https:\/\/cnctulua.tv\/index.php?rest_route=\/wp\/v2\/posts"}],"about":[{"href":"https:\/\/cnctulua.tv\/index.php?rest_route=\/wp\/v2\/types\/post"}],"author":[{"embeddable":true,"href":"https:\/\/cnctulua.tv\/index.php?rest_route=\/wp\/v2\/users\/4"}],"replies":[{"embeddable":true,"href":"https:\/\/cnctulua.tv\/index.php?rest_route=%2Fwp%2Fv2%2Fcomments&post=23034"}],"version-history":[{"count":1,"href":"https:\/\/cnctulua.tv\/index.php?rest_route=\/wp\/v2\/posts\/23034\/revisions"}],"predecessor-version":[{"id":23037,"href":"https:\/\/cnctulua.tv\/index.php?rest_route=\/wp\/v2\/posts\/23034\/revisions\/23037"}],"wp:featuredmedia":[{"embeddable":true,"href":"https:\/\/cnctulua.tv\/index.php?rest_route=\/wp\/v2\/media\/23039"}],"wp:attachment":[{"href":"https:\/\/cnctulua.tv\/index.php?rest_route=%2Fwp%2Fv2%2Fmedia&parent=23034"}],"wp:term":[{"taxonomy":"category","embeddable":true,"href":"https:\/\/cnctulua.tv\/index.php?rest_route=%2Fwp%2Fv2%2Fcategories&post=23034"},{"taxonomy":"post_tag","embeddable":true,"href":"https:\/\/cnctulua.tv\/index.php?rest_route=%2Fwp%2Fv2%2Ftags&post=23034"}],"curies":[{"name":"wp","href":"https:\/\/api.w.org\/{rel}","templated":true}]}}