{"id":23043,"date":"2024-08-28T15:27:32","date_gmt":"2024-08-28T15:27:32","guid":{"rendered":"https:\/\/cnctulua.tv\/?p=23043"},"modified":"2024-08-28T15:27:35","modified_gmt":"2024-08-28T15:27:35","slug":"hallan-en-el-municipio-de-cartago-los-cuerpos-de-dos-jovenes-desaparecidos-en-el-rio-la-vieja","status":"publish","type":"post","link":"https:\/\/cnctulua.tv\/?p=23043","title":{"rendered":"HALLAN EN EL MUNICIPIO DE CARTAGO LOS CUERPOS DE DOS J\u00d3VENES DESAPARECIDOS EN EL R\u00cdO LA VIEJA."},"content":{"rendered":"\n<p><\/p>\n\n\n\n<p>El pasado martes, Cartago fue escenario de una desgarradora noticia cuando se confirmaron las muertes de dos j\u00f3venes en el r\u00edo La Vieja. Jairo Alejandro Osorio Alarc\u00f3n, de 25 a\u00f1os, y Geovanny Esteban Grajales Gonz\u00e1lez, de 20 a\u00f1os, fueron encontrados sin vida en la tarde de ayer en el sector de Piedras de Moler.<\/p>\n\n\n\n<p>La desaparici\u00f3n de ambos j\u00f3venes hab\u00eda sido reportada por la comunidad durante el fin de semana, generando gran preocupaci\u00f3n entre sus familiares y amigos. Las familias de Osorio y Grajales hab\u00edan estado esperando con ansiedad cualquier informaci\u00f3n que indicara que los j\u00f3venes estaban a salvo y regresar\u00edan pronto a casa.<\/p>\n\n\n\n<p>Las circunstancias que rodean la desaparici\u00f3n y el fallecimiento de los j\u00f3venes a\u00fan no est\u00e1n claras. Las autoridades locales han iniciado una investigaci\u00f3n para determinar las causas exactas de su muerte. Se espera que en los pr\u00f3ximos d\u00edas se obtengan m\u00e1s detalles sobre este suceso.<\/p>\n\n\n\n<figure class=\"wp-block-embed is-type-video is-provider-youtube wp-block-embed-youtube wp-embed-aspect-16-9 wp-has-aspect-ratio\"><div class=\"wp-block-embed__wrapper\">\n<iframe loading=\"lazy\" title=\"En el municipio de Cartago: Desaparecen dos j\u00f3venes y son hallados sin vida en el r\u00edo La Vieja.\" width=\"640\" height=\"360\" src=\"https:\/\/www.youtube.com\/embed\/_QYwPlfxPMo?feature=oembed\" frameborder=\"0\" allow=\"accelerometer; autoplay; clipboard-write; encrypted-media; gyroscope; picture-in-picture; web-share\" referrerpolicy=\"strict-origin-when-cross-origin\" allowfullscreen><\/iframe>\n<\/div><\/figure>\n\n\n\n<p>La desaparici\u00f3n de ambos j\u00f3venes hab\u00eda sido reportada por la comunidad durante el fin de semana, generando gran preocupaci\u00f3n entre sus familiares y amigos. Las familias de Osorio y Grajales hab\u00edan estado esperando con ansiedad cualquier informaci\u00f3n que indicara que los j\u00f3venes estaban a salvo y regresar\u00edan pronto a casa.<\/p>\n\n\n\n<figure class=\"wp-block-image size-full is-resized\"><img loading=\"lazy\" decoding=\"async\" width=\"468\" height=\"424\" src=\"https:\/\/cnctulua.tv\/wp-content\/uploads\/2024\/08\/MUERTOS-1.jpeg\" alt=\"\" class=\"wp-image-23045\" style=\"width:782px;height:auto\" srcset=\"https:\/\/cnctulua.tv\/wp-content\/uploads\/2024\/08\/MUERTOS-1.jpeg 468w, https:\/\/cnctulua.tv\/wp-content\/uploads\/2024\/08\/MUERTOS-1-300x272.jpeg 300w\" sizes=\"auto, (max-width: 468px) 100vw, 468px\" \/><\/figure>\n\n\n\n<p>Las circunstancias que rodean la desaparici\u00f3n y el fallecimiento de los j\u00f3venes a\u00fan no est\u00e1n claras. Las autoridades locales han iniciado una investigaci\u00f3n para determinar las causas exactas de su muerte. Se espera que en los pr\u00f3ximos d\u00edas se obtengan m\u00e1s detalles sobre este suceso.<\/p>\n","protected":false},"excerpt":{"rendered":"<p>El pasado martes, Cartago fue escenario de una desgarradora noticia cuando se confirmaron las muertes de dos j\u00f3venes en el r\u00edo La Vieja. Jairo Alejandro Osorio Alarc\u00f3n, de 25 a\u00f1os, y Geovanny Esteban Grajales Gonz\u00e1lez, de 20 a\u00f1os, fueron encontrados sin vida en la tarde de ayer en el sector de Piedras de Moler. La [&hellip;]<\/p>\n","protected":false},"author":4,"featured_media":23044,"comment_status":"open","ping_status":"open","sticky":false,"template":"","format":"video","meta":{"footnotes":""},"categories":[1],"tags":[],"class_list":["post-23043","post","type-post","status-publish","format-video","has-post-thumbnail","hentry","category-uncategorized","post_format-post-format-video"],"_links":{"self":[{"href":"https:\/\/cnctulua.tv\/index.php?rest_route=\/wp\/v2\/posts\/23043","targetHints":{"allow":["GET"]}}],"collection":[{"href":"https:\/\/cnctulua.tv\/index.php?rest_route=\/wp\/v2\/posts"}],"about":[{"href":"https:\/\/cnctulua.tv\/index.php?rest_route=\/wp\/v2\/types\/post"}],"author":[{"embeddable":true,"href":"https:\/\/cnctulua.tv\/index.php?rest_route=\/wp\/v2\/users\/4"}],"replies":[{"embeddable":true,"href":"https:\/\/cnctulua.tv\/index.php?rest_route=%2Fwp%2Fv2%2Fcomments&post=23043"}],"version-history":[{"count":1,"href":"https:\/\/cnctulua.tv\/index.php?rest_route=\/wp\/v2\/posts\/23043\/revisions"}],"predecessor-version":[{"id":23046,"href":"https:\/\/cnctulua.tv\/index.php?rest_route=\/wp\/v2\/posts\/23043\/revisions\/23046"}],"wp:featuredmedia":[{"embeddable":true,"href":"https:\/\/cnctulua.tv\/index.php?rest_route=\/wp\/v2\/media\/23044"}],"wp:attachment":[{"href":"https:\/\/cnctulua.tv\/index.php?rest_route=%2Fwp%2Fv2%2Fmedia&parent=23043"}],"wp:term":[{"taxonomy":"category","embeddable":true,"href":"https:\/\/cnctulua.tv\/index.php?rest_route=%2Fwp%2Fv2%2Fcategories&post=23043"},{"taxonomy":"post_tag","embeddable":true,"href":"https:\/\/cnctulua.tv\/index.php?rest_route=%2Fwp%2Fv2%2Ftags&post=23043"}],"curies":[{"name":"wp","href":"https:\/\/api.w.org\/{rel}","templated":true}]}}