{"id":23077,"date":"2024-08-28T18:31:14","date_gmt":"2024-08-28T18:31:14","guid":{"rendered":"https:\/\/cnctulua.tv\/?p=23077"},"modified":"2024-08-28T18:31:18","modified_gmt":"2024-08-28T18:31:18","slug":"descubre-el-encanto-de-colombia-en-danzarte-2024-tulua-se-llena-de-folclore-y-alegria-este-30-de-agosto","status":"publish","type":"post","link":"https:\/\/cnctulua.tv\/?p=23077","title":{"rendered":"DESCUBRE EL ENCANTO DE COLOMBIA EN DANZARTE 2024: TULU\u00c1 SE LLENA DE FOLCLORE Y ALEGR\u00cdA ESTE 30 DE AGOSTO."},"content":{"rendered":"\n<p>Este viernes 30 de agosto, Tulu\u00e1 se convertir\u00e1 en el epicentro de la expresi\u00f3n cultural con la celebraci\u00f3n de \u00abDanzarte 2024\u00bb. Este evento, organizado por el Colegio Gimnasio del Pac\u00edfico, conmemora 14 a\u00f1os de tradici\u00f3n, ofreciendo una muestra vibrante del folclore colombiano y el talento de sus estudiantes.<\/p>\n\n\n\n<p><\/p>\n\n\n\n<figure class=\"wp-block-embed is-type-video is-provider-youtube wp-block-embed-youtube wp-embed-aspect-16-9 wp-has-aspect-ratio\"><div class=\"wp-block-embed__wrapper\">\n<iframe loading=\"lazy\" title=\"Danzarte 2024 en Tulu\u00e1: Un Desfile que celebra la cultura y el orgullo nacional.\" width=\"640\" height=\"360\" src=\"https:\/\/www.youtube.com\/embed\/WZ4AgdF77hQ?feature=oembed\" frameborder=\"0\" allow=\"accelerometer; autoplay; clipboard-write; encrypted-media; gyroscope; picture-in-picture; web-share\" referrerpolicy=\"strict-origin-when-cross-origin\" allowfullscreen><\/iframe>\n<\/div><\/figure>\n\n\n\n<p>\u00abDanzarte\u00bb comenzar\u00e1 a las 2:30 p.m., partiendo desde la sede central del Gimnasio del Pac\u00edfico. Los asistentes podr\u00e1n disfrutar de un desfile colorido que recorrer\u00e1 la Carrera 36, la Calle 29, la Carrera 30 y la Avenida Gait\u00e1n, antes de regresar a la instituci\u00f3n. El desfile contar\u00e1 con una serie de comparsas que representar\u00e1n diversas regiones de Colombia, cada una mostrando danzas y trajes t\u00edpicos que destacan la riqueza cultural del pa\u00eds.<\/p>\n\n\n\n<p>Santiago Rodr\u00edguez Ram\u00edrez, estudiante y organizador del evento, explic\u00f3 la relevancia de \u00abDanzarte\u00bb para la comunidad. \u201cEl desfile no solo tiene el prop\u00f3sito de desarrollar competencias en nuestros estudiantes, sino tambi\u00e9n de revitalizar el esp\u00edritu de Tulu\u00e1. En un momento en que la ciudad necesita un impulso de alegr\u00eda, este evento es una excelente oportunidad para unirnos y celebrar nuestra cultura\u201d, coment\u00f3 Rodr\u00edguez.<\/p>\n\n\n\n<p>El evento contar\u00e1 con la participaci\u00f3n de estudiantes desde el grado sexto hasta el once, as\u00ed como de diferentes sedes del colegio, quienes aportar\u00e1n su entusiasmo y creatividad al desfile. Cada grupo representar\u00e1 una regi\u00f3n espec\u00edfica, aportando una variedad de ritmos y tradiciones que enriquecer\u00e1n la celebraci\u00f3n.<\/p>\n\n\n\n<p>Al t\u00e9rmino del desfile, la festividad continuar\u00e1 con una serie de presentaciones art\u00edsticas dentro de la instituci\u00f3n, incluyendo bailes y cantos. Este segmento adicional permitir\u00e1 a los asistentes disfrutar de una variedad de actuaciones que anticipar\u00e1n lo mejor del evento.<\/p>\n\n\n\n<p>La comunidad est\u00e1 invitada a unirse a esta celebraci\u00f3n cultural. \u201cEsperamos que todos, desde los ni\u00f1os hasta los adultos, salgan a las calles para disfrutar del desfile y compartir en esta fiesta. Es una ocasi\u00f3n para fortalecer nuestro sentido de pertenencia y disfrutar juntos de nuestras tradiciones\u201d, agreg\u00f3 Rodr\u00edguez.<\/p>\n\n\n\n<p>\u00abDanzarte 2024\u00bb promete ser un evento inolvidable que resaltar\u00e1 el orgullo patrio y el talento de los j\u00f3venes de Tulu\u00e1. La invitaci\u00f3n est\u00e1 abierta para todos aquellos que deseen ser parte de esta celebraci\u00f3n de ritmo y color.<\/p>\n","protected":false},"excerpt":{"rendered":"<p>Este viernes 30 de agosto, Tulu\u00e1 se convertir\u00e1 en el epicentro de la expresi\u00f3n cultural con la celebraci\u00f3n de \u00abDanzarte 2024\u00bb. Este evento, organizado por el Colegio Gimnasio del Pac\u00edfico, conmemora 14 a\u00f1os de tradici\u00f3n, ofreciendo una muestra vibrante del folclore colombiano y el talento de sus estudiantes. \u00abDanzarte\u00bb comenzar\u00e1 a las 2:30 p.m., partiendo [&hellip;]<\/p>\n","protected":false},"author":4,"featured_media":23078,"comment_status":"open","ping_status":"open","sticky":false,"template":"","format":"video","meta":{"footnotes":""},"categories":[10],"tags":[],"class_list":["post-23077","post","type-post","status-publish","format-video","has-post-thumbnail","hentry","category-cnc-noticias-tulua","post_format-post-format-video"],"_links":{"self":[{"href":"https:\/\/cnctulua.tv\/index.php?rest_route=\/wp\/v2\/posts\/23077","targetHints":{"allow":["GET"]}}],"collection":[{"href":"https:\/\/cnctulua.tv\/index.php?rest_route=\/wp\/v2\/posts"}],"about":[{"href":"https:\/\/cnctulua.tv\/index.php?rest_route=\/wp\/v2\/types\/post"}],"author":[{"embeddable":true,"href":"https:\/\/cnctulua.tv\/index.php?rest_route=\/wp\/v2\/users\/4"}],"replies":[{"embeddable":true,"href":"https:\/\/cnctulua.tv\/index.php?rest_route=%2Fwp%2Fv2%2Fcomments&post=23077"}],"version-history":[{"count":1,"href":"https:\/\/cnctulua.tv\/index.php?rest_route=\/wp\/v2\/posts\/23077\/revisions"}],"predecessor-version":[{"id":23079,"href":"https:\/\/cnctulua.tv\/index.php?rest_route=\/wp\/v2\/posts\/23077\/revisions\/23079"}],"wp:featuredmedia":[{"embeddable":true,"href":"https:\/\/cnctulua.tv\/index.php?rest_route=\/wp\/v2\/media\/23078"}],"wp:attachment":[{"href":"https:\/\/cnctulua.tv\/index.php?rest_route=%2Fwp%2Fv2%2Fmedia&parent=23077"}],"wp:term":[{"taxonomy":"category","embeddable":true,"href":"https:\/\/cnctulua.tv\/index.php?rest_route=%2Fwp%2Fv2%2Fcategories&post=23077"},{"taxonomy":"post_tag","embeddable":true,"href":"https:\/\/cnctulua.tv\/index.php?rest_route=%2Fwp%2Fv2%2Ftags&post=23077"}],"curies":[{"name":"wp","href":"https:\/\/api.w.org\/{rel}","templated":true}]}}