{"id":23149,"date":"2024-08-29T18:29:13","date_gmt":"2024-08-29T18:29:13","guid":{"rendered":"https:\/\/cnctulua.tv\/?p=23149"},"modified":"2024-08-29T18:29:17","modified_gmt":"2024-08-29T18:29:17","slug":"colombia-comienza-su-participacion-en-los-paralimpicos-de-paris-2024","status":"publish","type":"post","link":"https:\/\/cnctulua.tv\/?p=23149","title":{"rendered":"COLOMBIA COMIENZA SU PARTICIPACI\u00d3N EN LOS PARAL\u00cdMPICOS DE PAR\u00cdS 2024."},"content":{"rendered":"\n<p>Los Juegos Paral\u00edmpicos de Par\u00eds 2024 han comenzado, y la delegaci\u00f3n colombiana ya est\u00e1 en acci\u00f3n, destac\u00e1ndose en una serie de disciplinas deportivas. Este jueves 29 de agosto marca el inicio de la participaci\u00f3n nacional, con una representaci\u00f3n de 26 para atletas provenientes de la regi\u00f3n del Valle Oro Puro, quienes est\u00e1n listos para mostrar su destreza en boccia y para nataci\u00f3n.<\/p>\n\n\n\n<figure class=\"wp-block-embed is-type-video is-provider-youtube wp-block-embed-youtube wp-embed-aspect-16-9 wp-has-aspect-ratio\"><div class=\"wp-block-embed__wrapper\">\n<iframe loading=\"lazy\" title=\"26 para atletas de la regi\u00f3n del Valle en los Paral\u00edmpicos Par\u00eds 2024.\" width=\"640\" height=\"360\" src=\"https:\/\/www.youtube.com\/embed\/C0L2Sh-5iec?feature=oembed\" frameborder=\"0\" allow=\"accelerometer; autoplay; clipboard-write; encrypted-media; gyroscope; picture-in-picture; web-share\" referrerpolicy=\"strict-origin-when-cross-origin\" allowfullscreen><\/iframe>\n<\/div><\/figure>\n\n\n\n<p><\/p>\n\n\n\n<p>Ana Milena Orozco, gerente de Indervalle, expres\u00f3 su entusiasmo por el desempe\u00f1o de los atletas vallecaucanos: \u201cSer\u00e1n 26 para atletas vallecaucanos que dejar\u00e1n en alto el nombre de la regi\u00f3n. Llega el momento de ver en acci\u00f3n a nuestros para atletas con el sello Valle Oro Puro en los Paral\u00edmpicos, un verdadero orgullo\u201d. Los para atletas vallecaucanos seguir\u00e1n en acci\u00f3n hasta el cierre de los Juegos Paral\u00edmpicos el 8 de septiembre.<\/p>\n","protected":false},"excerpt":{"rendered":"<p>Los Juegos Paral\u00edmpicos de Par\u00eds 2024 han comenzado, y la delegaci\u00f3n colombiana ya est\u00e1 en acci\u00f3n, destac\u00e1ndose en una serie de disciplinas deportivas. Este jueves 29 de agosto marca el inicio de la participaci\u00f3n nacional, con una representaci\u00f3n de 26 para atletas provenientes de la regi\u00f3n del Valle Oro Puro, quienes est\u00e1n listos para mostrar [&hellip;]<\/p>\n","protected":false},"author":4,"featured_media":23150,"comment_status":"open","ping_status":"open","sticky":false,"template":"","format":"video","meta":{"footnotes":""},"categories":[10],"tags":[],"class_list":["post-23149","post","type-post","status-publish","format-video","has-post-thumbnail","hentry","category-cnc-noticias-tulua","post_format-post-format-video"],"_links":{"self":[{"href":"https:\/\/cnctulua.tv\/index.php?rest_route=\/wp\/v2\/posts\/23149","targetHints":{"allow":["GET"]}}],"collection":[{"href":"https:\/\/cnctulua.tv\/index.php?rest_route=\/wp\/v2\/posts"}],"about":[{"href":"https:\/\/cnctulua.tv\/index.php?rest_route=\/wp\/v2\/types\/post"}],"author":[{"embeddable":true,"href":"https:\/\/cnctulua.tv\/index.php?rest_route=\/wp\/v2\/users\/4"}],"replies":[{"embeddable":true,"href":"https:\/\/cnctulua.tv\/index.php?rest_route=%2Fwp%2Fv2%2Fcomments&post=23149"}],"version-history":[{"count":1,"href":"https:\/\/cnctulua.tv\/index.php?rest_route=\/wp\/v2\/posts\/23149\/revisions"}],"predecessor-version":[{"id":23151,"href":"https:\/\/cnctulua.tv\/index.php?rest_route=\/wp\/v2\/posts\/23149\/revisions\/23151"}],"wp:featuredmedia":[{"embeddable":true,"href":"https:\/\/cnctulua.tv\/index.php?rest_route=\/wp\/v2\/media\/23150"}],"wp:attachment":[{"href":"https:\/\/cnctulua.tv\/index.php?rest_route=%2Fwp%2Fv2%2Fmedia&parent=23149"}],"wp:term":[{"taxonomy":"category","embeddable":true,"href":"https:\/\/cnctulua.tv\/index.php?rest_route=%2Fwp%2Fv2%2Fcategories&post=23149"},{"taxonomy":"post_tag","embeddable":true,"href":"https:\/\/cnctulua.tv\/index.php?rest_route=%2Fwp%2Fv2%2Ftags&post=23149"}],"curies":[{"name":"wp","href":"https:\/\/api.w.org\/{rel}","templated":true}]}}