{"id":23152,"date":"2024-08-29T18:52:32","date_gmt":"2024-08-29T18:52:32","guid":{"rendered":"https:\/\/cnctulua.tv\/?p=23152"},"modified":"2024-08-29T18:52:36","modified_gmt":"2024-08-29T18:52:36","slug":"luis-fernando-lucumi-inicia-su-tercer-desafio-paralimpico-en-lanzamiento-de-jabalina-paris-2024","status":"publish","type":"post","link":"https:\/\/cnctulua.tv\/?p=23152","title":{"rendered":"LUIS FERNANDO LUCUM\u00cd INICIA SU TERCER DESAF\u00cdO PARAL\u00cdMPICO EN LANZAMIENTO DE JABALINA PAR\u00cdS 2024."},"content":{"rendered":"\n<p><\/p>\n\n\n\n<p>Este viernes 30 de agosto, a las 5:09 a.m. hora colombiana, el para atleta Luis Fernando Lucum\u00ed iniciar\u00e1 su participaci\u00f3n en los Juegos Paral\u00edmpicos de Par\u00eds 2024, en la final de la prueba de lanzamiento de jabalina F38. La competici\u00f3n se llevar\u00e1 a cabo en el Estadio de Francia, donde Lucum\u00ed, oriundo del Valle del Cauca, buscar\u00e1 destacar una vez m\u00e1s en el escenario internacional.<\/p>\n\n\n\n<p><\/p>\n\n\n\n<figure class=\"wp-block-embed is-type-video is-provider-youtube wp-block-embed-youtube wp-embed-aspect-16-9 wp-has-aspect-ratio\"><div class=\"wp-block-embed__wrapper\">\n<iframe loading=\"lazy\" title=\"El vallecaucano Luis Fernando Lucum\u00ed: Busca medalla en los Paral\u00edmpicos Paris 2024.\" width=\"640\" height=\"360\" src=\"https:\/\/www.youtube.com\/embed\/51bkNhT8mxU?feature=oembed\" frameborder=\"0\" allow=\"accelerometer; autoplay; clipboard-write; encrypted-media; gyroscope; picture-in-picture; web-share\" referrerpolicy=\"strict-origin-when-cross-origin\" allowfullscreen><\/iframe>\n<\/div><\/figure>\n\n\n\n<p>Par\u00eds 2024 marca la tercera aparici\u00f3n de Lucum\u00ed en unos Juegos Paral\u00edmpicos. Su primera participaci\u00f3n fue en R\u00edo 2016, donde logr\u00f3 la medalla de plata. En Tokio 2020, repiti\u00f3 un desempe\u00f1o sobresaliente al conquistar el bronce. Para asegurar su lugar en estos Juegos, Lucum\u00ed ha tenido una destacada actuaci\u00f3n en competiciones previas, obteniendo medallas de plata en los Campeonatos Mundiales de Para Atletismo celebrados en Par\u00eds y Kobe en 2024.<\/p>\n\n\n\n<p>La familia de Lucum\u00ed, llena de orgullo, ha expresado su apoyo incondicional. Su madre, Luz Arianna Tobar, coment\u00f3: \u201cLuis Fernando es un gran deportista. Aqu\u00ed lo admiramos por todo lo que ha logrado desde ni\u00f1o. Es un ejemplo y orgullo no solo para la familia, sino tambi\u00e9n para el pa\u00eds y la regi\u00f3n que representa.\u201d Adem\u00e1s, su abuela paterna, Edita D\u00edaz, y su padre, Diego Lucum\u00ed, han subrayado la importancia de estos Juegos para \u00e9l. \u201cDesde su tierra, estamos orando para que alcance esa medalla. Sabemos que lograr\u00e1 cumplir este sue\u00f1o, como ha hecho con muchos otros.\u201d<\/p>\n","protected":false},"excerpt":{"rendered":"<p>Este viernes 30 de agosto, a las 5:09 a.m. hora colombiana, el para atleta Luis Fernando Lucum\u00ed iniciar\u00e1 su participaci\u00f3n en los Juegos Paral\u00edmpicos de Par\u00eds 2024, en la final de la prueba de lanzamiento de jabalina F38. La competici\u00f3n se llevar\u00e1 a cabo en el Estadio de Francia, donde Lucum\u00ed, oriundo del Valle del [&hellip;]<\/p>\n","protected":false},"author":4,"featured_media":23153,"comment_status":"open","ping_status":"open","sticky":false,"template":"","format":"video","meta":{"footnotes":""},"categories":[10],"tags":[],"class_list":["post-23152","post","type-post","status-publish","format-video","has-post-thumbnail","hentry","category-cnc-noticias-tulua","post_format-post-format-video"],"_links":{"self":[{"href":"https:\/\/cnctulua.tv\/index.php?rest_route=\/wp\/v2\/posts\/23152","targetHints":{"allow":["GET"]}}],"collection":[{"href":"https:\/\/cnctulua.tv\/index.php?rest_route=\/wp\/v2\/posts"}],"about":[{"href":"https:\/\/cnctulua.tv\/index.php?rest_route=\/wp\/v2\/types\/post"}],"author":[{"embeddable":true,"href":"https:\/\/cnctulua.tv\/index.php?rest_route=\/wp\/v2\/users\/4"}],"replies":[{"embeddable":true,"href":"https:\/\/cnctulua.tv\/index.php?rest_route=%2Fwp%2Fv2%2Fcomments&post=23152"}],"version-history":[{"count":1,"href":"https:\/\/cnctulua.tv\/index.php?rest_route=\/wp\/v2\/posts\/23152\/revisions"}],"predecessor-version":[{"id":23154,"href":"https:\/\/cnctulua.tv\/index.php?rest_route=\/wp\/v2\/posts\/23152\/revisions\/23154"}],"wp:featuredmedia":[{"embeddable":true,"href":"https:\/\/cnctulua.tv\/index.php?rest_route=\/wp\/v2\/media\/23153"}],"wp:attachment":[{"href":"https:\/\/cnctulua.tv\/index.php?rest_route=%2Fwp%2Fv2%2Fmedia&parent=23152"}],"wp:term":[{"taxonomy":"category","embeddable":true,"href":"https:\/\/cnctulua.tv\/index.php?rest_route=%2Fwp%2Fv2%2Fcategories&post=23152"},{"taxonomy":"post_tag","embeddable":true,"href":"https:\/\/cnctulua.tv\/index.php?rest_route=%2Fwp%2Fv2%2Ftags&post=23152"}],"curies":[{"name":"wp","href":"https:\/\/api.w.org\/{rel}","templated":true}]}}