{"id":23157,"date":"2024-08-30T16:38:27","date_gmt":"2024-08-30T16:38:27","guid":{"rendered":"https:\/\/cnctulua.tv\/?p=23157"},"modified":"2024-08-30T16:38:32","modified_gmt":"2024-08-30T16:38:32","slug":"panorama-regional-los-echos-mas-relevantes-del-valle-del-cauca-en-materia-de-orden-publico","status":"publish","type":"post","link":"https:\/\/cnctulua.tv\/?p=23157","title":{"rendered":"PANORAMA REGIONAL: LOS ECHOS MAS RELEVANTES DEL VALLE DEL CAUCA EN MATERIA DE ORDEN PUBLICO."},"content":{"rendered":"\n<p>En un d\u00eda de violencia en varias localidades, la regi\u00f3n sufri\u00f3 atentados sicariales que impactaron a la comunidad. En la v\u00eda Roldanillo-Zarzal, en la estaci\u00f3n de servicios Las Palmas, un hombre de 56 a\u00f1os fue asesinado mientras trabajaba, tras ser atacado por hombres armados. Este crimen se suma a otros eventos judiciales recientes en la regi\u00f3n.<\/p>\n\n\n\n<p><\/p>\n\n\n\n<figure class=\"wp-block-embed is-type-video is-provider-youtube wp-block-embed-youtube wp-embed-aspect-16-9 wp-has-aspect-ratio\"><div class=\"wp-block-embed__wrapper\">\n<iframe loading=\"lazy\" title=\"Pan\u00f3rama Regional CNC Noticias Tulu\u00e1 Emisi\u00f3n de la una de la tarde del 30 de Agosto de 2024.\" width=\"640\" height=\"360\" src=\"https:\/\/www.youtube.com\/embed\/WOkd8qs5KVY?feature=oembed\" frameborder=\"0\" allow=\"accelerometer; autoplay; clipboard-write; encrypted-media; gyroscope; picture-in-picture; web-share\" referrerpolicy=\"strict-origin-when-cross-origin\" allowfullscreen><\/iframe>\n<\/div><\/figure>\n\n\n\n<p>EN ROLDANILLO ATENTADO SICARIAL EN ESTACI\u00d3N DE SERVICIOS DEJA UN MUERTO.<\/p>\n\n\n\n<p>En la v\u00eda Roldanillo-Zarzal, a la altura de la estaci\u00f3n de servicios Las Palmas, se registr\u00f3 un homicidio que cobr\u00f3 la vida de Wilder Humberto Berm\u00fadez Mu\u00f1oz, de 56 a\u00f1os. Seg\u00fan informaci\u00f3n extraoficial la victima se encontraba laborando en el lugar cuando hombres armados arribaron hasta la estaci\u00f3n de gasolina propin\u00e1ndole varios impactos con arma de fuego.<\/p>\n\n\n\n<p>Hasta el lugar hizo presencia el cuerpo t\u00e9cnico de investigaci\u00f3n &#8211; CTI de la Fiscal\u00eda, quien realiz\u00f3 la inspecci\u00f3n t\u00e9cnica al cad\u00e1ver en el lugar y posterior recopilaci\u00f3n de informaci\u00f3n para esclarecer los m\u00f3viles y agresores de este hecho violento.<\/p>\n\n\n\n<figure class=\"wp-block-image size-full is-resized\"><img loading=\"lazy\" decoding=\"async\" width=\"431\" height=\"673\" src=\"https:\/\/cnctulua.tv\/wp-content\/uploads\/2024\/08\/WILDER-HUMBERTO-ROLDANILLO.jpg\" alt=\"\" class=\"wp-image-23158\" style=\"width:717px;height:auto\" srcset=\"https:\/\/cnctulua.tv\/wp-content\/uploads\/2024\/08\/WILDER-HUMBERTO-ROLDANILLO.jpg 431w, https:\/\/cnctulua.tv\/wp-content\/uploads\/2024\/08\/WILDER-HUMBERTO-ROLDANILLO-192x300.jpg 192w\" sizes=\"auto, (max-width: 431px) 100vw, 431px\" \/><\/figure>\n\n\n\n<p>EN EL MUNICIPIO DE OBANDO JOVEN DE 19 A\u00d1OS ASESINADO CON ARMA DE FUEGO EN V\u00cdA P\u00daBLICA<\/p>\n\n\n\n<p>Como Jean Carlos Villada Morales, de 19 a\u00f1os, fue identificada la v\u00edctima de un ataque armado en el barrio Sagrada Familia etapa 2, en el municipio de Obando.<\/p>\n\n\n\n<p>La v\u00edctima se encontraba en la v\u00eda p\u00fablica cuando dos individuos en motocicleta lo interceptaron y le propinaron varias heridas mortales huyendo del lugar y dejando gravemente herido a Villada Morales.<\/p>\n\n\n\n<p>La Sijin fue el ente encargado de realizar la inspecci\u00f3n t\u00e9cnica del cad\u00e1ver y est\u00e1 a cargo de llevar a cabo la investigaci\u00f3n para identificar a los responsables y esclarecer el m\u00f3vil del asesinato.<\/p>\n\n\n\n<figure class=\"wp-block-image size-large\"><img loading=\"lazy\" decoding=\"async\" width=\"576\" height=\"1024\" src=\"https:\/\/cnctulua.tv\/wp-content\/uploads\/2024\/08\/OBANDO-1-576x1024.jpeg\" alt=\"\" class=\"wp-image-23159\" srcset=\"https:\/\/cnctulua.tv\/wp-content\/uploads\/2024\/08\/OBANDO-1-576x1024.jpeg 576w, https:\/\/cnctulua.tv\/wp-content\/uploads\/2024\/08\/OBANDO-1-169x300.jpeg 169w, https:\/\/cnctulua.tv\/wp-content\/uploads\/2024\/08\/OBANDO-1.jpeg 720w\" sizes=\"auto, (max-width: 576px) 100vw, 576px\" \/><\/figure>\n\n\n\n<p>ALIAS DON MARIO Y SU C\u00d3MPLICE DETENIDO EN OPERATIVO MILITAR.<\/p>\n\n\n\n<p>Jhon Fredy Polo Tabares, alias Don Mario, presunto l\u00edder del Clan del Golfo, y Antonio Manuel Medina Urango fueron imputados por un fiscal seccional de la Estructura de Apoyo. Ambos enfrentan cargos por concierto para delinquir y tr\u00e1fico de armas de fuego de uso privativo de las Fuerzas Armadas.<\/p>\n\n\n\n<p>La captura de Don Mario y Medina Urango se realiz\u00f3 en un operativo en la vereda Morabito, Trujillo, donde se les incautaron varias armas y equipo de comunicaci\u00f3n. Don Mario ya tiene condenas previas y est\u00e1 vinculado a procesos por homicidio agravado.<\/p>\n\n\n\n<figure class=\"wp-block-image size-large\"><img loading=\"lazy\" decoding=\"async\" width=\"1024\" height=\"576\" src=\"https:\/\/cnctulua.tv\/wp-content\/uploads\/2024\/08\/A-LA-CARCEL-DON-MARIO-1024x576.jpeg\" alt=\"\" class=\"wp-image-23160\" srcset=\"https:\/\/cnctulua.tv\/wp-content\/uploads\/2024\/08\/A-LA-CARCEL-DON-MARIO-1024x576.jpeg 1024w, https:\/\/cnctulua.tv\/wp-content\/uploads\/2024\/08\/A-LA-CARCEL-DON-MARIO-300x169.jpeg 300w, https:\/\/cnctulua.tv\/wp-content\/uploads\/2024\/08\/A-LA-CARCEL-DON-MARIO-768x432.jpeg 768w, https:\/\/cnctulua.tv\/wp-content\/uploads\/2024\/08\/A-LA-CARCEL-DON-MARIO-1536x864.jpeg 1536w, https:\/\/cnctulua.tv\/wp-content\/uploads\/2024\/08\/A-LA-CARCEL-DON-MARIO.jpeg 1600w\" sizes=\"auto, (max-width: 1024px) 100vw, 1024px\" \/><\/figure>\n\n\n\n<p>TRES MIEMBROS DE LA BANDA \u2018LOS DEL BOULEVARD\u2019 CAPTURADOS POR EXTORSI\u00d3N EBN CALI.<\/p>\n\n\n\n<p>En Cali, tres supuestos miembros de la banda \u2018Los del Boulevard\u2019 fueron judicializados por extorsi\u00f3n agravada. Paula Andrea Churi Cort\u00e9s, Adri\u00e1n Eduardo Abad\u00eda y Jos\u00e9 Mauricio Delgado Arboleda fueron capturados tras una serie de denuncias de extorsi\u00f3n, donde se les acus\u00f3 de exigir pagos para garantizar la seguridad de las v\u00edctimas. Los imputados fueron detenidos tras operativos coordinados por el Gaula y la Fiscal\u00eda, y enfrentan ahora un proceso judicial que podr\u00eda llevarlos a prisi\u00f3n.<\/p>\n","protected":false},"excerpt":{"rendered":"<p>En un d\u00eda de violencia en varias localidades, la regi\u00f3n sufri\u00f3 atentados sicariales que impactaron a la comunidad. En la v\u00eda Roldanillo-Zarzal, en la estaci\u00f3n de servicios Las Palmas, un hombre de 56 a\u00f1os fue asesinado mientras trabajaba, tras ser atacado por hombres armados. Este crimen se suma a otros eventos judiciales recientes en la [&hellip;]<\/p>\n","protected":false},"author":4,"featured_media":23161,"comment_status":"open","ping_status":"open","sticky":false,"template":"","format":"video","meta":{"footnotes":""},"categories":[10],"tags":[],"class_list":["post-23157","post","type-post","status-publish","format-video","has-post-thumbnail","hentry","category-cnc-noticias-tulua","post_format-post-format-video"],"_links":{"self":[{"href":"https:\/\/cnctulua.tv\/index.php?rest_route=\/wp\/v2\/posts\/23157","targetHints":{"allow":["GET"]}}],"collection":[{"href":"https:\/\/cnctulua.tv\/index.php?rest_route=\/wp\/v2\/posts"}],"about":[{"href":"https:\/\/cnctulua.tv\/index.php?rest_route=\/wp\/v2\/types\/post"}],"author":[{"embeddable":true,"href":"https:\/\/cnctulua.tv\/index.php?rest_route=\/wp\/v2\/users\/4"}],"replies":[{"embeddable":true,"href":"https:\/\/cnctulua.tv\/index.php?rest_route=%2Fwp%2Fv2%2Fcomments&post=23157"}],"version-history":[{"count":1,"href":"https:\/\/cnctulua.tv\/index.php?rest_route=\/wp\/v2\/posts\/23157\/revisions"}],"predecessor-version":[{"id":23162,"href":"https:\/\/cnctulua.tv\/index.php?rest_route=\/wp\/v2\/posts\/23157\/revisions\/23162"}],"wp:featuredmedia":[{"embeddable":true,"href":"https:\/\/cnctulua.tv\/index.php?rest_route=\/wp\/v2\/media\/23161"}],"wp:attachment":[{"href":"https:\/\/cnctulua.tv\/index.php?rest_route=%2Fwp%2Fv2%2Fmedia&parent=23157"}],"wp:term":[{"taxonomy":"category","embeddable":true,"href":"https:\/\/cnctulua.tv\/index.php?rest_route=%2Fwp%2Fv2%2Fcategories&post=23157"},{"taxonomy":"post_tag","embeddable":true,"href":"https:\/\/cnctulua.tv\/index.php?rest_route=%2Fwp%2Fv2%2Ftags&post=23157"}],"curies":[{"name":"wp","href":"https:\/\/api.w.org\/{rel}","templated":true}]}}