{"id":24605,"date":"2024-10-04T18:25:08","date_gmt":"2024-10-04T18:25:08","guid":{"rendered":"https:\/\/cnctulua.tv\/?p=24605"},"modified":"2024-10-04T18:25:12","modified_gmt":"2024-10-04T18:25:12","slug":"mas-de-250-emprendedores-se-reuniran-en-la-ix-feria-agroturismo-y-negocios-que-se-llevara-a-cabo-en-tulua","status":"publish","type":"post","link":"https:\/\/cnctulua.tv\/?p=24605","title":{"rendered":"M\u00c1S DE 250 EMPRENDEDORES SE REUNIR\u00c1N EN LA IX FERIA AGROTURISMO Y NEGOCIOS QUE SE LLEVARA A CABO EN TULU\u00c1."},"content":{"rendered":"\n<p>La Villa de C\u00e9spedes se prepara para convertirse en el centro del desarrollo empresarial del Valle del Cauca con la llegada de la IX Feria Agroturismo y Negocios. Este evento, organizado por la C\u00e1mara de Comercio de Tulu\u00e1, se llevar\u00e1 a cabo del 25 al 27 de octubre y reunir\u00e1 a m\u00e1s de 250 emprendedores, agricultores e inversionistas.<\/p>\n\n\n\n<p><\/p>\n\n\n\n<figure class=\"wp-block-embed is-type-video is-provider-youtube wp-block-embed-youtube wp-embed-aspect-16-9 wp-has-aspect-ratio\"><div class=\"wp-block-embed__wrapper\">\n<iframe loading=\"lazy\" title=\"La IX Feria Agroturismo y Negocios donde nacen las oportunidades en Tulu\u00e1.\" width=\"640\" height=\"360\" src=\"https:\/\/www.youtube.com\/embed\/5eJLKStn7nQ?feature=oembed\" frameborder=\"0\" allow=\"accelerometer; autoplay; clipboard-write; encrypted-media; gyroscope; picture-in-picture; web-share\" referrerpolicy=\"strict-origin-when-cross-origin\" allowfullscreen><\/iframe>\n<\/div><\/figure>\n\n\n\n<p>El presidente ejecutivo de la C\u00e1mara de Comercio de Tulu\u00e1, Miguel \u00c1ngel Gonz\u00e1lez Berm\u00fadez, destac\u00f3 el crecimiento de la feria desde su inicio hace 11 a\u00f1os, cuando contaba con aproximadamente 60 emprendedores. \u00abHoy, hemos superado las expectativas con m\u00e1s de 250 participantes, lo que demuestra la calidad y el compromiso de nuestra comunidad\u00bb, afirm\u00f3.<\/p>\n\n\n\n<p>La feria no solo ser\u00e1 un espacio para la exhibici\u00f3n de productos y servicios, sino que tambi\u00e9n ofrecer\u00e1 actividades clave como la rueda de negocios y la rueda financiera, que en ediciones anteriores generaron m\u00e1s de 2 mil millones de pesos en negocios concretados. Este enfoque busca fomentar la innovaci\u00f3n, la sostenibilidad y la creaci\u00f3n de alianzas estrat\u00e9gicas.<\/p>\n\n\n\n<p>M\u00e1s de 21 entidades se unir\u00e1n al evento, incluyendo universidades y diferentes secretar\u00edas de la gobernaci\u00f3n del Valle, lo que garantiza un apoyo integral a los emprendedores. Gonz\u00e1lez subray\u00f3 la importancia de estas colaboraciones, que permitir\u00e1n un acompa\u00f1amiento efectivo en la estructuraci\u00f3n de nuevos negocios.<\/p>\n\n\n\n<p>La feria tambi\u00e9n se distingue por su car\u00e1cter inclusivo, al brindar espacio tanto a peque\u00f1os emprendedores como a grandes industrias. Esto crea un ambiente propicio para el intercambio de ideas y la generaci\u00f3n de sinergias entre los participantes.<\/p>\n\n\n\n<p>La IX Feria Agroturismo y Negocios promete ser una experiencia \u00fanica para la comunidad de Tulu\u00e1 y el centro del Valle del Cauca. La C\u00e1mara de Comercio, junto a sus entidades aliadas, invita a todos a participar y descubrir las oportunidades que el agroturismo y el desarrollo empresarial tienen para ofrecer.<\/p>\n","protected":false},"excerpt":{"rendered":"<p>La Villa de C\u00e9spedes se prepara para convertirse en el centro del desarrollo empresarial del Valle del Cauca con la llegada de la IX Feria Agroturismo y Negocios. Este evento, organizado por la C\u00e1mara de Comercio de Tulu\u00e1, se llevar\u00e1 a cabo del 25 al 27 de octubre y reunir\u00e1 a m\u00e1s de 250 emprendedores, [&hellip;]<\/p>\n","protected":false},"author":4,"featured_media":24631,"comment_status":"open","ping_status":"open","sticky":false,"template":"","format":"video","meta":{"footnotes":""},"categories":[1],"tags":[],"class_list":["post-24605","post","type-post","status-publish","format-video","has-post-thumbnail","hentry","category-uncategorized","post_format-post-format-video"],"_links":{"self":[{"href":"https:\/\/cnctulua.tv\/index.php?rest_route=\/wp\/v2\/posts\/24605","targetHints":{"allow":["GET"]}}],"collection":[{"href":"https:\/\/cnctulua.tv\/index.php?rest_route=\/wp\/v2\/posts"}],"about":[{"href":"https:\/\/cnctulua.tv\/index.php?rest_route=\/wp\/v2\/types\/post"}],"author":[{"embeddable":true,"href":"https:\/\/cnctulua.tv\/index.php?rest_route=\/wp\/v2\/users\/4"}],"replies":[{"embeddable":true,"href":"https:\/\/cnctulua.tv\/index.php?rest_route=%2Fwp%2Fv2%2Fcomments&post=24605"}],"version-history":[{"count":1,"href":"https:\/\/cnctulua.tv\/index.php?rest_route=\/wp\/v2\/posts\/24605\/revisions"}],"predecessor-version":[{"id":24640,"href":"https:\/\/cnctulua.tv\/index.php?rest_route=\/wp\/v2\/posts\/24605\/revisions\/24640"}],"wp:featuredmedia":[{"embeddable":true,"href":"https:\/\/cnctulua.tv\/index.php?rest_route=\/wp\/v2\/media\/24631"}],"wp:attachment":[{"href":"https:\/\/cnctulua.tv\/index.php?rest_route=%2Fwp%2Fv2%2Fmedia&parent=24605"}],"wp:term":[{"taxonomy":"category","embeddable":true,"href":"https:\/\/cnctulua.tv\/index.php?rest_route=%2Fwp%2Fv2%2Fcategories&post=24605"},{"taxonomy":"post_tag","embeddable":true,"href":"https:\/\/cnctulua.tv\/index.php?rest_route=%2Fwp%2Fv2%2Ftags&post=24605"}],"curies":[{"name":"wp","href":"https:\/\/api.w.org\/{rel}","templated":true}]}}