{"id":24630,"date":"2024-10-04T18:45:12","date_gmt":"2024-10-04T18:45:12","guid":{"rendered":"https:\/\/cnctulua.tv\/?p=24630"},"modified":"2024-10-04T18:47:54","modified_gmt":"2024-10-04T18:47:54","slug":"la-xi-feria-agroturismo-y-negocios-un-espacio-para-la-innovacion-y-la-sostenibilidad-en-tulua","status":"publish","type":"post","link":"https:\/\/cnctulua.tv\/?p=24630","title":{"rendered":"LA XI FERIA AGROTURISMO Y NEGOCIOS: UN ESPACIO PARA LA INNOVACI\u00d3N Y LA SOSTENIBILIDAD EN TULU\u00c1."},"content":{"rendered":"\n<p><\/p>\n\n\n\n<p>La C\u00e1mara de Comercio de Tulu\u00e1 se alista para celebrar la D\u00e9cima Primera Feria Agroturismo y Negocios, un evento que reunir\u00e1 a m\u00e1s de 250 emprendedores, agricultores e inversionistas. Programada para los pr\u00f3ximos d\u00edas, la feria contar\u00e1 con la participaci\u00f3n de m\u00e1s de 21 entidades, incluidas universidades y diversas secretar\u00edas de la gobernaci\u00f3n del Valle, lo que ofrecer\u00e1 un enfoque integral para el acompa\u00f1amiento y estructuraci\u00f3n de nuevos negocios.<\/p>\n\n\n\n<p><\/p>\n\n\n\n<figure class=\"wp-block-embed is-type-video is-provider-youtube wp-block-embed-youtube wp-embed-aspect-16-9 wp-has-aspect-ratio\"><div class=\"wp-block-embed__wrapper\">\n<iframe loading=\"lazy\" title=\"Tulu\u00e1 se Prepara para XI Feria Agroturismo y Negocios: Un encuentro de emprendedores.\" width=\"640\" height=\"360\" src=\"https:\/\/www.youtube.com\/embed\/y19G51GoM2c?feature=oembed\" frameborder=\"0\" allow=\"accelerometer; autoplay; clipboard-write; encrypted-media; gyroscope; picture-in-picture; web-share\" referrerpolicy=\"strict-origin-when-cross-origin\" allowfullscreen><\/iframe>\n<\/div><\/figure>\n\n\n\n<p>Paola Andrea Garz\u00f3n Useche, Vicepresidenta de Empresarios Zarzale\u00f1os, enfatiz\u00f3 la relevancia del evento como una \u201cventana comercial bastante amplia\u201d para los emprendedores locales. Seg\u00fan Garz\u00f3n, la feria permitir\u00e1 a los participantes conocer las din\u00e1micas de otros municipios, facilitando el aprendizaje y el establecimiento de sinergias comerciales. Este a\u00f1o, el municipio presentar\u00e1 30 emprendimientos representativos, incluyendo una destacada asociaci\u00f3n de dulceras.<\/p>\n\n\n\n<p>Por su parte, Maryelena Rodr\u00edguez Correa, Secretaria de Asistencia Agropecuaria y Medio Ambiente, destac\u00f3 la colaboraci\u00f3n de la administraci\u00f3n municipal con la C\u00e1mara de Comercio. Rodr\u00edguez anunci\u00f3 que habr\u00e1 12 stands que exhibir\u00e1n una variedad de productos artesanales, reflejando la riqueza agr\u00edcola de la regi\u00f3n. Entre los productos que se ofrecer\u00e1n se incluyen caf\u00e9s especiales, miel y transformaciones de plantas medicinales.<\/p>\n\n\n\n<p>La feria no solo busca impulsar el comercio local, sino tambi\u00e9n promover la sostenibilidad y el cuidado de la biodiversidad, en consonancia con la celebraci\u00f3n de la COP 16. Rodr\u00edguez subray\u00f3 la importancia de dar a conocer la biodiversidad del municipio, desde sus p\u00e1ramos hasta el Jard\u00edn Bot\u00e1nico del parque de la guadua. Durante el evento, se llevar\u00e1 a cabo un foro con expertos en biodiversidad, proporcionando a los asistentes una comprensi\u00f3n m\u00e1s profunda de la riqueza natural de la regi\u00f3n.<\/p>\n\n\n\n<p>Con un programa repleto de actividades y la participaci\u00f3n de diversas entidades, la D\u00e9cima Primera Feria Agroturismo y Negocios se perfila como un hito en la promoci\u00f3n del agroturismo y el desarrollo empresarial en Tulu\u00e1. La feria se propone no solo como un espacio de comercializaci\u00f3n, sino como una plataforma para el fomento de la innovaci\u00f3n y la creaci\u00f3n de alianzas comerciales en el Valle del Cauca.<\/p>\n","protected":false},"excerpt":{"rendered":"<p>La C\u00e1mara de Comercio de Tulu\u00e1 se alista para celebrar la D\u00e9cima Primera Feria Agroturismo y Negocios, un evento que reunir\u00e1 a m\u00e1s de 250 emprendedores, agricultores e inversionistas. Programada para los pr\u00f3ximos d\u00edas, la feria contar\u00e1 con la participaci\u00f3n de m\u00e1s de 21 entidades, incluidas universidades y diversas secretar\u00edas de la gobernaci\u00f3n del Valle, [&hellip;]<\/p>\n","protected":false},"author":4,"featured_media":24647,"comment_status":"open","ping_status":"open","sticky":false,"template":"","format":"video","meta":{"footnotes":""},"categories":[1],"tags":[],"class_list":["post-24630","post","type-post","status-publish","format-video","has-post-thumbnail","hentry","category-uncategorized","post_format-post-format-video"],"_links":{"self":[{"href":"https:\/\/cnctulua.tv\/index.php?rest_route=\/wp\/v2\/posts\/24630","targetHints":{"allow":["GET"]}}],"collection":[{"href":"https:\/\/cnctulua.tv\/index.php?rest_route=\/wp\/v2\/posts"}],"about":[{"href":"https:\/\/cnctulua.tv\/index.php?rest_route=\/wp\/v2\/types\/post"}],"author":[{"embeddable":true,"href":"https:\/\/cnctulua.tv\/index.php?rest_route=\/wp\/v2\/users\/4"}],"replies":[{"embeddable":true,"href":"https:\/\/cnctulua.tv\/index.php?rest_route=%2Fwp%2Fv2%2Fcomments&post=24630"}],"version-history":[{"count":1,"href":"https:\/\/cnctulua.tv\/index.php?rest_route=\/wp\/v2\/posts\/24630\/revisions"}],"predecessor-version":[{"id":24646,"href":"https:\/\/cnctulua.tv\/index.php?rest_route=\/wp\/v2\/posts\/24630\/revisions\/24646"}],"wp:featuredmedia":[{"embeddable":true,"href":"https:\/\/cnctulua.tv\/index.php?rest_route=\/wp\/v2\/media\/24647"}],"wp:attachment":[{"href":"https:\/\/cnctulua.tv\/index.php?rest_route=%2Fwp%2Fv2%2Fmedia&parent=24630"}],"wp:term":[{"taxonomy":"category","embeddable":true,"href":"https:\/\/cnctulua.tv\/index.php?rest_route=%2Fwp%2Fv2%2Fcategories&post=24630"},{"taxonomy":"post_tag","embeddable":true,"href":"https:\/\/cnctulua.tv\/index.php?rest_route=%2Fwp%2Fv2%2Ftags&post=24630"}],"curies":[{"name":"wp","href":"https:\/\/api.w.org\/{rel}","templated":true}]}}