{"id":24677,"date":"2024-10-07T17:39:28","date_gmt":"2024-10-07T17:39:28","guid":{"rendered":"https:\/\/cnctulua.tv\/?p=24677"},"modified":"2024-10-07T18:01:53","modified_gmt":"2024-10-07T18:01:53","slug":"jornada-de-salud-del-hospital-ruben-cruz-velez-en-tulua-mas-de-8-mil-caracterizaciones","status":"publish","type":"post","link":"https:\/\/cnctulua.tv\/?p=24677","title":{"rendered":"JORNADA DE SALUD DEL HOSPITAL RUB\u00c9N CRUZ V\u00c9LEZ EN TULU\u00c1: M\u00c1S DE 8 MIL CARACTERIZACIONES."},"content":{"rendered":"\n<p>El Hospital Rub\u00e9n Cruz V\u00e9lez contin\u00faa su labor de atenci\u00f3n y promoci\u00f3n de la salud en las comunas, esta vez enfoc\u00e1ndose en la comuna 7, donde se realizar\u00e1n intervenciones del 6 al 11 de octubre. Juli\u00e1n Alberto Vald\u00e9s Mart\u00ednez, gerente del hospital, comparti\u00f3 detalles sobre esta importante iniciativa.<\/p>\n\n\n\n<p><\/p>\n\n\n\n<figure class=\"wp-block-embed is-type-video is-provider-youtube wp-block-embed-youtube wp-embed-aspect-16-9 wp-has-aspect-ratio\"><div class=\"wp-block-embed__wrapper\">\n<iframe loading=\"lazy\" title=\"El Hospital Rub\u00e9n Cruz V\u00e9lez realiz\u00f3 jornada de salud en barrios de la comuna 7 de Tulu\u00e1.\" width=\"640\" height=\"360\" src=\"https:\/\/www.youtube.com\/embed\/RUJBrx0n9d4?feature=oembed\" frameborder=\"0\" allow=\"accelerometer; autoplay; clipboard-write; encrypted-media; gyroscope; picture-in-picture; web-share\" referrerpolicy=\"strict-origin-when-cross-origin\" allowfullscreen><\/iframe>\n<\/div><\/figure>\n\n\n\n<p>\u00abEl balance de la actividad que hemos realizado en el barrio Nuevo Farf\u00e1n es muy satisfactorio. Hasta el momento hemos caracterizado aproximadamente 9000 personas en las comunas 5 y 6\u00bb, coment\u00f3 Vald\u00e9s. A partir del lunes, el equipo de salud se trasladar\u00e1 a los barrios Chiminango, Diablos Rojos, Refugio, Independencia Municipal, Santa In\u00e9s y Horizonte.<\/p>\n\n\n\n<p>Vald\u00e9s enfatiz\u00f3 que \u00ablos habitantes de esos barrios nos recibir\u00e1n y abrir\u00e1n sus puertas a una intervenci\u00f3n en salud muy importante\u00bb. El equipo del hospital, debidamente identificado, se centrar\u00e1 en la atenci\u00f3n primaria, llevando servicios que abarcan todas las etapas de la vida: \u00abDesde la primera infancia hasta la vejez, todos recibir\u00e1n atenci\u00f3n\u00bb.<\/p>\n\n\n\n<figure class=\"wp-block-image size-large\"><img loading=\"lazy\" decoding=\"async\" width=\"1024\" height=\"659\" src=\"https:\/\/cnctulua.tv\/wp-content\/uploads\/2024\/10\/JORNA-DE-SA-LUD-H-RCV-1024x659.png\" alt=\"\" class=\"wp-image-24684\" srcset=\"https:\/\/cnctulua.tv\/wp-content\/uploads\/2024\/10\/JORNA-DE-SA-LUD-H-RCV-1024x659.png 1024w, https:\/\/cnctulua.tv\/wp-content\/uploads\/2024\/10\/JORNA-DE-SA-LUD-H-RCV-300x193.png 300w, https:\/\/cnctulua.tv\/wp-content\/uploads\/2024\/10\/JORNA-DE-SA-LUD-H-RCV-768x495.png 768w, https:\/\/cnctulua.tv\/wp-content\/uploads\/2024\/10\/JORNA-DE-SA-LUD-H-RCV.png 1056w\" sizes=\"auto, (max-width: 1024px) 100vw, 1024px\" \/><\/figure>\n\n\n\n<p>Entre los servicios que se ofrecer\u00e1n se incluyen odontolog\u00eda, toma de presi\u00f3n arterial y diversas actividades relacionadas con la salud. \u00abRecordar a la comunidad que nuestro personal est\u00e1 totalmente identificado para brindar atenci\u00f3n\u00bb, subray\u00f3 el gerente. Adem\u00e1s, cada equipo est\u00e1 conformado por ocho profesionales, incluyendo m\u00e9dicos, psic\u00f3logos y auxiliares de enfermer\u00eda.<\/p>\n\n\n\n<p>Juli\u00e1n Alberto Vald\u00e9s Mart\u00ednez, Gerente Hospital Rub\u00e9n Cruz V\u00e9lez, hizo un llamado a la comunidad para que \u00ababran sus hogares\u00bb, resaltando que muchas intervenciones se est\u00e1n perdiendo por problemas de desconfianza y seguridad. \u00abEste programa, encabezado por nuestro alcalde, es crucial porque la salud es fundamental para ser felices\u00bb, concluy\u00f3.<\/p>\n\n\n\n<p>Con este esfuerzo, el Hospital Rub\u00e9n Cruz V\u00e9lez busca garantizar que todos los ciudadanos tengan acceso a servicios de salud esenciales, fortaleciendo as\u00ed la atenci\u00f3n comunitaria y la confianza en el sistema de salud.<\/p>\n","protected":false},"excerpt":{"rendered":"<p>El Hospital Rub\u00e9n Cruz V\u00e9lez contin\u00faa su labor de atenci\u00f3n y promoci\u00f3n de la salud en las comunas, esta vez enfoc\u00e1ndose en la comuna 7, donde se realizar\u00e1n intervenciones del 6 al 11 de octubre. Juli\u00e1n Alberto Vald\u00e9s Mart\u00ednez, gerente del hospital, comparti\u00f3 detalles sobre esta importante iniciativa. \u00abEl balance de la actividad que hemos [&hellip;]<\/p>\n","protected":false},"author":4,"featured_media":24683,"comment_status":"open","ping_status":"open","sticky":false,"template":"","format":"video","meta":{"footnotes":""},"categories":[1],"tags":[],"class_list":["post-24677","post","type-post","status-publish","format-video","has-post-thumbnail","hentry","category-uncategorized","post_format-post-format-video"],"_links":{"self":[{"href":"https:\/\/cnctulua.tv\/index.php?rest_route=\/wp\/v2\/posts\/24677","targetHints":{"allow":["GET"]}}],"collection":[{"href":"https:\/\/cnctulua.tv\/index.php?rest_route=\/wp\/v2\/posts"}],"about":[{"href":"https:\/\/cnctulua.tv\/index.php?rest_route=\/wp\/v2\/types\/post"}],"author":[{"embeddable":true,"href":"https:\/\/cnctulua.tv\/index.php?rest_route=\/wp\/v2\/users\/4"}],"replies":[{"embeddable":true,"href":"https:\/\/cnctulua.tv\/index.php?rest_route=%2Fwp%2Fv2%2Fcomments&post=24677"}],"version-history":[{"count":2,"href":"https:\/\/cnctulua.tv\/index.php?rest_route=\/wp\/v2\/posts\/24677\/revisions"}],"predecessor-version":[{"id":24689,"href":"https:\/\/cnctulua.tv\/index.php?rest_route=\/wp\/v2\/posts\/24677\/revisions\/24689"}],"wp:featuredmedia":[{"embeddable":true,"href":"https:\/\/cnctulua.tv\/index.php?rest_route=\/wp\/v2\/media\/24683"}],"wp:attachment":[{"href":"https:\/\/cnctulua.tv\/index.php?rest_route=%2Fwp%2Fv2%2Fmedia&parent=24677"}],"wp:term":[{"taxonomy":"category","embeddable":true,"href":"https:\/\/cnctulua.tv\/index.php?rest_route=%2Fwp%2Fv2%2Fcategories&post=24677"},{"taxonomy":"post_tag","embeddable":true,"href":"https:\/\/cnctulua.tv\/index.php?rest_route=%2Fwp%2Fv2%2Ftags&post=24677"}],"curies":[{"name":"wp","href":"https:\/\/api.w.org\/{rel}","templated":true}]}}