{"id":24782,"date":"2024-10-09T17:46:47","date_gmt":"2024-10-09T17:46:47","guid":{"rendered":"https:\/\/cnctulua.tv\/?p=24782"},"modified":"2024-10-09T17:46:51","modified_gmt":"2024-10-09T17:46:51","slug":"este-dia-no-es-solo-una-fecha-en-el-calendario-es-un-reconocimiento-a-la-vocacion-de-servicio-la-amabilidad-y-la-cortesia-que-nuestros-colaboradores-gerente-h-d-t-u-u","status":"publish","type":"post","link":"https:\/\/cnctulua.tv\/?p=24782","title":{"rendered":"\u201cESTE D\u00cdA NO ES SOLO UNA FECHA EN EL CALENDARIO; ES UN RECONOCIMIENTO A LA VOCACI\u00d3N DE SERVICIO, LA AMABILIDAD Y LA CORTES\u00cdA QUE NUESTROS COLABORADORES\u201d: GERENTE H.D.T.U.U."},"content":{"rendered":"\n<p>El Hospital Departamental Tom\u00e1s Uribe Uribe celebr\u00f3 con gran entusiasmo el D\u00eda del Servidor P\u00fablico, reconociendo el valioso trabajo de su equipo. Durante el evento, Felipe Jos\u00e9 Tinoco Zapata, gerente del hospital, subray\u00f3 la importancia de esta conmemoraci\u00f3n al afirmar: \u201cEste d\u00eda no es solo una fecha en el calendario; es un reconocimiento a la vocaci\u00f3n de servicio, la amabilidad y la cortes\u00eda que nuestros colaboradores ofrecen a cada persona que llega en busca de ayuda\u201d.<\/p>\n\n\n\n<p><\/p>\n\n\n\n<figure class=\"wp-block-video\"><\/figure>\n\n\n\n<p>Tinoco destac\u00f3 que cada miembro del equipo desempe\u00f1a un papel crucial en la vida de los pacientes, y expres\u00f3 que \u201ces justo resaltar ese esfuerzo\u201d. La celebraci\u00f3n incluy\u00f3 una obra de teatro que enfatiz\u00f3 los principios y valores de la cultura tomasina, dise\u00f1ada para fortalecer la uni\u00f3n y el sentido de pertenencia entre los empleados.<\/p>\n\n\n\n<p>Adem\u00e1s, se reparti\u00f3 un manual de convivencia, un elemento esencial para garantizar un ambiente laboral armonioso y respetuoso. \u201cEs fundamental construir espacios de vida laboral que sean tranquilos y alegres\u201d, a\u00f1adi\u00f3 Tinoco.<\/p>\n\n\n\n<figure class=\"wp-block-image size-full\"><img loading=\"lazy\" decoding=\"async\" width=\"990\" height=\"628\" src=\"https:\/\/cnctulua.tv\/wp-content\/uploads\/2024\/10\/GERENTE-DEL-H-T.png\" alt=\"\" class=\"wp-image-24784\" srcset=\"https:\/\/cnctulua.tv\/wp-content\/uploads\/2024\/10\/GERENTE-DEL-H-T.png 990w, https:\/\/cnctulua.tv\/wp-content\/uploads\/2024\/10\/GERENTE-DEL-H-T-300x190.png 300w, https:\/\/cnctulua.tv\/wp-content\/uploads\/2024\/10\/GERENTE-DEL-H-T-768x487.png 768w\" sizes=\"auto, (max-width: 990px) 100vw, 990px\" \/><\/figure>\n\n\n\n<p>Para complementar la festividad, se ofrecieron perritos calientes y se disfrut\u00f3 de un baile presentado por las ni\u00f1as del programa \u00abInverti\u00bb. Esta actividad gener\u00f3 un ambiente festivo y de camarader\u00eda entre los asistentes, resaltando la importancia de la cohesi\u00f3n dentro del hospital.<\/p>\n\n\n\n<p>Con estas iniciativas, el Hospital Departamental Tom\u00e1s Uribe Uribe reafirma su compromiso con la excelencia en el servicio y el bienestar de su personal, creando un entorno laboral positivo que beneficia tanto a empleados como a pacientes.<\/p>\n","protected":false},"excerpt":{"rendered":"<p>El Hospital Departamental Tom\u00e1s Uribe Uribe celebr\u00f3 con gran entusiasmo el D\u00eda del Servidor P\u00fablico, reconociendo el valioso trabajo de su equipo. Durante el evento, Felipe Jos\u00e9 Tinoco Zapata, gerente del hospital, subray\u00f3 la importancia de esta conmemoraci\u00f3n al afirmar: \u201cEste d\u00eda no es solo una fecha en el calendario; es un reconocimiento a la [&hellip;]<\/p>\n","protected":false},"author":4,"featured_media":24783,"comment_status":"open","ping_status":"open","sticky":false,"template":"","format":"video","meta":{"footnotes":""},"categories":[1],"tags":[],"class_list":["post-24782","post","type-post","status-publish","format-video","has-post-thumbnail","hentry","category-uncategorized","post_format-post-format-video"],"_links":{"self":[{"href":"https:\/\/cnctulua.tv\/index.php?rest_route=\/wp\/v2\/posts\/24782","targetHints":{"allow":["GET"]}}],"collection":[{"href":"https:\/\/cnctulua.tv\/index.php?rest_route=\/wp\/v2\/posts"}],"about":[{"href":"https:\/\/cnctulua.tv\/index.php?rest_route=\/wp\/v2\/types\/post"}],"author":[{"embeddable":true,"href":"https:\/\/cnctulua.tv\/index.php?rest_route=\/wp\/v2\/users\/4"}],"replies":[{"embeddable":true,"href":"https:\/\/cnctulua.tv\/index.php?rest_route=%2Fwp%2Fv2%2Fcomments&post=24782"}],"version-history":[{"count":1,"href":"https:\/\/cnctulua.tv\/index.php?rest_route=\/wp\/v2\/posts\/24782\/revisions"}],"predecessor-version":[{"id":24799,"href":"https:\/\/cnctulua.tv\/index.php?rest_route=\/wp\/v2\/posts\/24782\/revisions\/24799"}],"wp:featuredmedia":[{"embeddable":true,"href":"https:\/\/cnctulua.tv\/index.php?rest_route=\/wp\/v2\/media\/24783"}],"wp:attachment":[{"href":"https:\/\/cnctulua.tv\/index.php?rest_route=%2Fwp%2Fv2%2Fmedia&parent=24782"}],"wp:term":[{"taxonomy":"category","embeddable":true,"href":"https:\/\/cnctulua.tv\/index.php?rest_route=%2Fwp%2Fv2%2Fcategories&post=24782"},{"taxonomy":"post_tag","embeddable":true,"href":"https:\/\/cnctulua.tv\/index.php?rest_route=%2Fwp%2Fv2%2Ftags&post=24782"}],"curies":[{"name":"wp","href":"https:\/\/api.w.org\/{rel}","templated":true}]}}