{"id":24800,"date":"2024-10-09T18:49:32","date_gmt":"2024-10-09T18:49:32","guid":{"rendered":"https:\/\/cnctulua.tv\/?p=24800"},"modified":"2024-10-09T18:49:36","modified_gmt":"2024-10-09T18:49:36","slug":"administracion-municipal-anuncia-novenas-navidenas-en-el-coliseo-de-ferias-manuel-victoria-rojas","status":"publish","type":"post","link":"https:\/\/cnctulua.tv\/?p=24800","title":{"rendered":"ADMINISTRACI\u00d3N MUNICIPAL ANUNCIA NOVENAS NAVIDE\u00d1AS EN EL COLISEO DE FERIAS MANUEL VICTORIA ROJAS."},"content":{"rendered":"\n<p>En un anuncio que genera gran expectativa entre los tulue\u00f1os, el alcalde Gustavo Adolfo V\u00e9lez Rom\u00e1n confirm\u00f3 que todas las novenas navide\u00f1as se llevar\u00e1n a cabo en el Coliseo de Ferias Manuel Victoria Rojas. Durante su reciente declaraci\u00f3n, V\u00e9lez Rom\u00e1n destac\u00f3: \u201cVamos a hacer toda la novena navide\u00f1a en el coliseo de feria, es decir, lo vamos a poner bien lindo. Ese va a ser como el abrebocas con 6 meses de anticipaci\u00f3n a lo que va a ser la feria de Tulu\u00e1 para el pr\u00f3ximo a\u00f1o en el mes de junio\u201d.<\/p>\n\n\n\n<p><\/p>\n\n\n\n<figure class=\"wp-block-embed is-type-video is-provider-youtube wp-block-embed-youtube wp-embed-aspect-16-9 wp-has-aspect-ratio\"><div class=\"wp-block-embed__wrapper\">\n<iframe loading=\"lazy\" title=\"Preparativos Navide\u00f1os en Tulu\u00e1: El Coliseo de Ferias se vestir\u00e1 de luz.\" width=\"640\" height=\"360\" src=\"https:\/\/www.youtube.com\/embed\/PKm0svZKrNk?feature=oembed\" frameborder=\"0\" allow=\"accelerometer; autoplay; clipboard-write; encrypted-media; gyroscope; picture-in-picture; web-share\" referrerpolicy=\"strict-origin-when-cross-origin\" allowfullscreen><\/iframe>\n<\/div><\/figure>\n\n\n\n<p>El mandatario local enfatiz\u00f3 que el acceso a estas celebraciones ser\u00e1 totalmente gratuito, asegurando que \u201cla ciudadan\u00eda quienes quieran ingresar al coliseo, lo van a hacer completamente gratis\u201d. Con esta iniciativa, la administraci\u00f3n municipal busca aprovechar los espacios y ofrecer a las familias tulue\u00f1as un lugar de encuentro y recreaci\u00f3n.<\/p>\n\n\n\n<p>Los preparativos comenzar\u00e1n a mediados de octubre, con un trabajo conjunto entre las diferentes dependencias del gobierno local. \u201cVamos a organizar el coliseo de ferias desde ahora, para llevar todo el alumbrado navide\u00f1o al coliseo de feria\u201d, se\u00f1al\u00f3 el alcalde. El objetivo es concentrar todas las actividades de diciembre en este emblem\u00e1tico espacio, ofreciendo a los tulue\u00f1os un alumbrado navide\u00f1o \u201ccompletamente distinto\u201d y diversas actividades art\u00edsticas, culturales y deportivas.<\/p>\n\n\n\n<p>V\u00e9lez Rom\u00e1n tambi\u00e9n mencion\u00f3 que su esposa lo acompa\u00f1a en estas iniciativas, buscando orientar la oferta de eventos desde la administraci\u00f3n municipal. \u201cQueremos trabajar en ese bosque urbano que tenemos nosotros, que es el coliseo de feria Manuel Victoria Rojas, y que sea un sitio atractivo y seguro para las familias tulue\u00f1as en nuestra \u00e9poca de Navidad\u201d, concluy\u00f3 el alcalde.<\/p>\n","protected":false},"excerpt":{"rendered":"<p>En un anuncio que genera gran expectativa entre los tulue\u00f1os, el alcalde Gustavo Adolfo V\u00e9lez Rom\u00e1n confirm\u00f3 que todas las novenas navide\u00f1as se llevar\u00e1n a cabo en el Coliseo de Ferias Manuel Victoria Rojas. Durante su reciente declaraci\u00f3n, V\u00e9lez Rom\u00e1n destac\u00f3: \u201cVamos a hacer toda la novena navide\u00f1a en el coliseo de feria, es decir, [&hellip;]<\/p>\n","protected":false},"author":4,"featured_media":24802,"comment_status":"open","ping_status":"open","sticky":false,"template":"","format":"video","meta":{"footnotes":""},"categories":[1],"tags":[],"class_list":["post-24800","post","type-post","status-publish","format-video","has-post-thumbnail","hentry","category-uncategorized","post_format-post-format-video"],"_links":{"self":[{"href":"https:\/\/cnctulua.tv\/index.php?rest_route=\/wp\/v2\/posts\/24800","targetHints":{"allow":["GET"]}}],"collection":[{"href":"https:\/\/cnctulua.tv\/index.php?rest_route=\/wp\/v2\/posts"}],"about":[{"href":"https:\/\/cnctulua.tv\/index.php?rest_route=\/wp\/v2\/types\/post"}],"author":[{"embeddable":true,"href":"https:\/\/cnctulua.tv\/index.php?rest_route=\/wp\/v2\/users\/4"}],"replies":[{"embeddable":true,"href":"https:\/\/cnctulua.tv\/index.php?rest_route=%2Fwp%2Fv2%2Fcomments&post=24800"}],"version-history":[{"count":1,"href":"https:\/\/cnctulua.tv\/index.php?rest_route=\/wp\/v2\/posts\/24800\/revisions"}],"predecessor-version":[{"id":24819,"href":"https:\/\/cnctulua.tv\/index.php?rest_route=\/wp\/v2\/posts\/24800\/revisions\/24819"}],"wp:featuredmedia":[{"embeddable":true,"href":"https:\/\/cnctulua.tv\/index.php?rest_route=\/wp\/v2\/media\/24802"}],"wp:attachment":[{"href":"https:\/\/cnctulua.tv\/index.php?rest_route=%2Fwp%2Fv2%2Fmedia&parent=24800"}],"wp:term":[{"taxonomy":"category","embeddable":true,"href":"https:\/\/cnctulua.tv\/index.php?rest_route=%2Fwp%2Fv2%2Fcategories&post=24800"},{"taxonomy":"post_tag","embeddable":true,"href":"https:\/\/cnctulua.tv\/index.php?rest_route=%2Fwp%2Fv2%2Ftags&post=24800"}],"curies":[{"name":"wp","href":"https:\/\/api.w.org\/{rel}","templated":true}]}}