{"id":24823,"date":"2024-10-10T14:47:06","date_gmt":"2024-10-10T14:47:06","guid":{"rendered":"https:\/\/cnctulua.tv\/?p=24823"},"modified":"2024-10-10T19:18:29","modified_gmt":"2024-10-10T19:18:29","slug":"jornada-de-la-ruta-de-la-felicidad-ofrece-servicios-esenciales-en-la-villa-de-cespedes","status":"publish","type":"post","link":"https:\/\/cnctulua.tv\/?p=24823","title":{"rendered":"JORNADA DE \u00abLA RUTA DE LA FELICIDAD\u00bb OFRECE SERVICIOS ESENCIALES EN LA VILLA DE C\u00c9SPEDES."},"content":{"rendered":"\n<p>El pasado s\u00e1bado, el municipio de Tulu\u00e1 llev\u00f3 a cabo una nueva jornada descentralizada de \u00abLa Ruta de la Felicidad\u00bb. El evento se realiz\u00f3 en el puesto de salud del Hospital Rub\u00e9n Cruz V\u00e9lez, en el barrio Farf\u00e1n, as\u00ed como en el sector \u00abLa Balastrera\u00bb.<\/p>\n\n\n\n<p><\/p>\n\n\n\n<figure class=\"wp-block-embed is-type-video is-provider-youtube wp-block-embed-youtube wp-embed-aspect-16-9 wp-has-aspect-ratio\"><div class=\"wp-block-embed__wrapper\">\n<iframe loading=\"lazy\" title=\"El s\u00e1bado se realiz\u00f3 la jornada de &quot;La Ruta de la Felicidad&quot; en Tulu\u00e1.\" width=\"640\" height=\"360\" src=\"https:\/\/www.youtube.com\/embed\/qZbg3iWlaPM?feature=oembed\" frameborder=\"0\" allow=\"accelerometer; autoplay; clipboard-write; encrypted-media; gyroscope; picture-in-picture; web-share\" referrerpolicy=\"strict-origin-when-cross-origin\" allowfullscreen><\/iframe>\n<\/div><\/figure>\n\n\n\n<p>La jornada se caracteriz\u00f3 por una atenci\u00f3n masiva, con la participaci\u00f3n de los Equipos B\u00e1sicos en Salud y diversas dependencias de la Administraci\u00f3n Municipal. Los asistentes pudieron beneficiarse de m\u00faltiples programas, incluyendo el \u00abPapayazo Tributario\u00bb, vacunaciones caninas y felinas, y asesor\u00eda en temas relacionados con las EPS.<\/p>\n\n\n\n<figure class=\"wp-block-image size-large\"><img loading=\"lazy\" decoding=\"async\" width=\"1024\" height=\"537\" src=\"https:\/\/cnctulua.tv\/wp-content\/uploads\/2024\/10\/RUTA-DE-LA-FE-LICIDAD-1024x537.png\" alt=\"\" class=\"wp-image-24836\" srcset=\"https:\/\/cnctulua.tv\/wp-content\/uploads\/2024\/10\/RUTA-DE-LA-FE-LICIDAD-1024x537.png 1024w, https:\/\/cnctulua.tv\/wp-content\/uploads\/2024\/10\/RUTA-DE-LA-FE-LICIDAD-300x157.png 300w, https:\/\/cnctulua.tv\/wp-content\/uploads\/2024\/10\/RUTA-DE-LA-FE-LICIDAD-768x403.png 768w, https:\/\/cnctulua.tv\/wp-content\/uploads\/2024\/10\/RUTA-DE-LA-FE-LICIDAD.png 1219w\" sizes=\"auto, (max-width: 1024px) 100vw, 1024px\" \/><\/figure>\n\n\n\n<p>Adem\u00e1s de los servicios de salud, los ciudadanos disfrutaron de una variada oferta cultural y recreativa, con presentaciones art\u00edsticas y deportivas que contribuyeron a un ambiente festivo. La jornada tambi\u00e9n brind\u00f3 servicios comunitarios esenciales, como la gesti\u00f3n de tr\u00e1mites del SISBEN, el aseguramiento en salud y el acceso a programas nacionales como Renta Joven, Renta Ciudadana y Colombia Mayor.<\/p>\n","protected":false},"excerpt":{"rendered":"<p>El pasado s\u00e1bado, el municipio de Tulu\u00e1 llev\u00f3 a cabo una nueva jornada descentralizada de \u00abLa Ruta de la Felicidad\u00bb. El evento se realiz\u00f3 en el puesto de salud del Hospital Rub\u00e9n Cruz V\u00e9lez, en el barrio Farf\u00e1n, as\u00ed como en el sector \u00abLa Balastrera\u00bb. La jornada se caracteriz\u00f3 por una atenci\u00f3n masiva, con la [&hellip;]<\/p>\n","protected":false},"author":4,"featured_media":24835,"comment_status":"open","ping_status":"open","sticky":false,"template":"","format":"video","meta":{"footnotes":""},"categories":[1],"tags":[],"class_list":["post-24823","post","type-post","status-publish","format-video","has-post-thumbnail","hentry","category-uncategorized","post_format-post-format-video"],"_links":{"self":[{"href":"https:\/\/cnctulua.tv\/index.php?rest_route=\/wp\/v2\/posts\/24823","targetHints":{"allow":["GET"]}}],"collection":[{"href":"https:\/\/cnctulua.tv\/index.php?rest_route=\/wp\/v2\/posts"}],"about":[{"href":"https:\/\/cnctulua.tv\/index.php?rest_route=\/wp\/v2\/types\/post"}],"author":[{"embeddable":true,"href":"https:\/\/cnctulua.tv\/index.php?rest_route=\/wp\/v2\/users\/4"}],"replies":[{"embeddable":true,"href":"https:\/\/cnctulua.tv\/index.php?rest_route=%2Fwp%2Fv2%2Fcomments&post=24823"}],"version-history":[{"count":1,"href":"https:\/\/cnctulua.tv\/index.php?rest_route=\/wp\/v2\/posts\/24823\/revisions"}],"predecessor-version":[{"id":24837,"href":"https:\/\/cnctulua.tv\/index.php?rest_route=\/wp\/v2\/posts\/24823\/revisions\/24837"}],"wp:featuredmedia":[{"embeddable":true,"href":"https:\/\/cnctulua.tv\/index.php?rest_route=\/wp\/v2\/media\/24835"}],"wp:attachment":[{"href":"https:\/\/cnctulua.tv\/index.php?rest_route=%2Fwp%2Fv2%2Fmedia&parent=24823"}],"wp:term":[{"taxonomy":"category","embeddable":true,"href":"https:\/\/cnctulua.tv\/index.php?rest_route=%2Fwp%2Fv2%2Fcategories&post=24823"},{"taxonomy":"post_tag","embeddable":true,"href":"https:\/\/cnctulua.tv\/index.php?rest_route=%2Fwp%2Fv2%2Ftags&post=24823"}],"curies":[{"name":"wp","href":"https:\/\/api.w.org\/{rel}","templated":true}]}}