{"id":24826,"date":"2024-10-10T16:14:42","date_gmt":"2024-10-10T16:14:42","guid":{"rendered":"https:\/\/cnctulua.tv\/?p=24826"},"modified":"2024-10-10T17:39:14","modified_gmt":"2024-10-10T17:39:14","slug":"en-el-cgto-de-salonica-de-riofrio-el-concejal-guillermo-arbey-rodriguez-sufrio-un-atentado-sicarial","status":"publish","type":"post","link":"https:\/\/cnctulua.tv\/?p=24826","title":{"rendered":"EN EL CGTO. DE SAL\u00d3NICA DE RIOFRIO EL CONCEJAL, GUILLERMO ARBEY RODR\u00cdGUEZ SUFRI\u00d3 UN ATENTADO SICARIAL."},"content":{"rendered":"\n<p>En una situaci\u00f3n de seguridad, el Teniente Coronel Nicol\u00e1s Guillermo Su\u00e1rez Plata, Comandante del Segundo Distrito de Polic\u00eda Tulu\u00e1, ha informado sobre un intento de atentado contra el concejal Guillermo Arbey Rodr\u00edguez Buitrago. Seg\u00fan el oficial, \u201cel d\u00eda de hoy, sobre la 1:36 de la ma\u00f1ana, se recibi\u00f3 informaci\u00f3n por parte del se\u00f1or Guillermo Arbey Rodr\u00edguez Buitrago, quien dio a conocer que el d\u00eda anterior, sobre las 5:00 de la tarde, habr\u00eda recibido un atentado en contra de su vida\u201d.<\/p>\n\n\n\n<p><\/p>\n\n\n\n<figure class=\"wp-block-embed is-type-video is-provider-youtube wp-block-embed-youtube wp-embed-aspect-16-9 wp-has-aspect-ratio\"><div class=\"wp-block-embed__wrapper\">\n<iframe loading=\"lazy\" title=\"Concejal de Riofr\u00edo, Guillermo Arbey Rodr\u00edguez sufre atentado sicarial en su finca.\" width=\"640\" height=\"360\" src=\"https:\/\/www.youtube.com\/embed\/6XvvEuQh2Ts?feature=oembed\" frameborder=\"0\" allow=\"accelerometer; autoplay; clipboard-write; encrypted-media; gyroscope; picture-in-picture; web-share\" referrerpolicy=\"strict-origin-when-cross-origin\" allowfullscreen><\/iframe>\n<\/div><\/figure>\n\n\n\n<p>El concejal Rodr\u00edguez Buitrago se encontraba montando a caballo en su finca, ubicada a solo diez minutos del corregimiento Sal\u00f3nica, cuando ocurri\u00f3 el ataque. Tras el incidente, se traslad\u00f3 por sus propios medios a un centro asistencial, donde se confirm\u00f3 que sufre \u201cuna fractura en su hombro y laceraciones en su rostro, producto de la ca\u00edda\u201d. Afortunadamente, el informe m\u00e9dico detalla que \u201cpor fortuna no presenta lesiones causadas con arma de fuego\u201d.<\/p>\n\n\n\n<p>Ante esta grave situaci\u00f3n, la Polic\u00eda Nacional ha conformado un equipo investigador que incluye personal de inteligencia policial y de investigaci\u00f3n criminal. Asimismo, se ha coordinado con el Cuerpo T\u00e9cnico de Investigaci\u00f3n (CTI) de la Fiscal\u00eda General de la Naci\u00f3n para llevar a cabo indagaciones exhaustivas y esclarecer los hechos.<\/p>\n\n\n\n<p>La comunidad de Riofr\u00edo se encuentra en estado de alerta, mientras las autoridades trabajan para garantizar la seguridad y dar con los responsables de este acto violento. La situaci\u00f3n subraya la importancia de fortalecer la colaboraci\u00f3n entre las instituciones y la ciudadan\u00eda en la lucha contra la delincuencia.<\/p>\n","protected":false},"excerpt":{"rendered":"<p>En una situaci\u00f3n de seguridad, el Teniente Coronel Nicol\u00e1s Guillermo Su\u00e1rez Plata, Comandante del Segundo Distrito de Polic\u00eda Tulu\u00e1, ha informado sobre un intento de atentado contra el concejal Guillermo Arbey Rodr\u00edguez Buitrago. Seg\u00fan el oficial, \u201cel d\u00eda de hoy, sobre la 1:36 de la ma\u00f1ana, se recibi\u00f3 informaci\u00f3n por parte del se\u00f1or Guillermo Arbey [&hellip;]<\/p>\n","protected":false},"author":4,"featured_media":24840,"comment_status":"open","ping_status":"open","sticky":false,"template":"","format":"video","meta":{"footnotes":""},"categories":[1],"tags":[],"class_list":["post-24826","post","type-post","status-publish","format-video","has-post-thumbnail","hentry","category-uncategorized","post_format-post-format-video"],"_links":{"self":[{"href":"https:\/\/cnctulua.tv\/index.php?rest_route=\/wp\/v2\/posts\/24826","targetHints":{"allow":["GET"]}}],"collection":[{"href":"https:\/\/cnctulua.tv\/index.php?rest_route=\/wp\/v2\/posts"}],"about":[{"href":"https:\/\/cnctulua.tv\/index.php?rest_route=\/wp\/v2\/types\/post"}],"author":[{"embeddable":true,"href":"https:\/\/cnctulua.tv\/index.php?rest_route=\/wp\/v2\/users\/4"}],"replies":[{"embeddable":true,"href":"https:\/\/cnctulua.tv\/index.php?rest_route=%2Fwp%2Fv2%2Fcomments&post=24826"}],"version-history":[{"count":3,"href":"https:\/\/cnctulua.tv\/index.php?rest_route=\/wp\/v2\/posts\/24826\/revisions"}],"predecessor-version":[{"id":24869,"href":"https:\/\/cnctulua.tv\/index.php?rest_route=\/wp\/v2\/posts\/24826\/revisions\/24869"}],"wp:featuredmedia":[{"embeddable":true,"href":"https:\/\/cnctulua.tv\/index.php?rest_route=\/wp\/v2\/media\/24840"}],"wp:attachment":[{"href":"https:\/\/cnctulua.tv\/index.php?rest_route=%2Fwp%2Fv2%2Fmedia&parent=24826"}],"wp:term":[{"taxonomy":"category","embeddable":true,"href":"https:\/\/cnctulua.tv\/index.php?rest_route=%2Fwp%2Fv2%2Fcategories&post=24826"},{"taxonomy":"post_tag","embeddable":true,"href":"https:\/\/cnctulua.tv\/index.php?rest_route=%2Fwp%2Fv2%2Ftags&post=24826"}],"curies":[{"name":"wp","href":"https:\/\/api.w.org\/{rel}","templated":true}]}}