{"id":24887,"date":"2024-10-11T16:08:50","date_gmt":"2024-10-11T16:08:50","guid":{"rendered":"https:\/\/cnctulua.tv\/?p=24887"},"modified":"2024-10-11T16:08:55","modified_gmt":"2024-10-11T16:08:55","slug":"inauguracion-del-parque-municipal-de-riofrio-un-espacio-renovado-para-la-comunidad","status":"publish","type":"post","link":"https:\/\/cnctulua.tv\/?p=24887","title":{"rendered":"INAUGURACI\u00d3N DEL PARQUE MUNICIPAL DE RIOFR\u00cdO: UN ESPACIO RENOVADO PARA LA COMUNIDAD."},"content":{"rendered":"\n<p>En un emotivo evento previo a las fiestas municipales, el municipio de Riofr\u00edo inaugur\u00f3 su renovado parque, una obra que no hab\u00eda recibido remodelaciones en m\u00e1s de 33 a\u00f1os. La alcaldesa Viviana Patricia Mena Zapata fue la encargada de presidir la ceremonia, donde se destac\u00f3 la importancia de esta mejora para la comunidad.<\/p>\n\n\n\n<p><\/p>\n\n\n\n<figure class=\"wp-block-embed is-type-video is-provider-youtube wp-block-embed-youtube wp-embed-aspect-16-9 wp-has-aspect-ratio\"><div class=\"wp-block-embed__wrapper\">\n<iframe loading=\"lazy\" title=\"El municipio de Riofr\u00edo inaugura su parque municipal tras 2 a\u00f1os de espera.\" width=\"640\" height=\"360\" src=\"https:\/\/www.youtube.com\/embed\/e3tXlrVbnBI?feature=oembed\" frameborder=\"0\" allow=\"accelerometer; autoplay; clipboard-write; encrypted-media; gyroscope; picture-in-picture; web-share\" referrerpolicy=\"strict-origin-when-cross-origin\" allowfullscreen><\/iframe>\n<\/div><\/figure>\n\n\n\n<p>Durante su discurso, Mena Zapata expres\u00f3 la felicidad de los riofrienses al recibir esta obra tan esperada, agradeciendo tambi\u00e9n al alcalde anterior, Dilan Francisca Toro, por su gesti\u00f3n y dedicaci\u00f3n que hicieron posible esta transformaci\u00f3n. La alcaldesa subray\u00f3 que el nuevo parque no solo embellece el municipio, sino que tambi\u00e9n mejora las condiciones para los emprendedores locales.<\/p>\n\n\n\n<figure class=\"wp-block-image size-large\"><img loading=\"lazy\" decoding=\"async\" width=\"1024\" height=\"614\" src=\"https:\/\/cnctulua.tv\/wp-content\/uploads\/2024\/10\/ALCALDESA-RIO-1-1024x614.png\" alt=\"\" class=\"wp-image-24898\" srcset=\"https:\/\/cnctulua.tv\/wp-content\/uploads\/2024\/10\/ALCALDESA-RIO-1-1024x614.png 1024w, https:\/\/cnctulua.tv\/wp-content\/uploads\/2024\/10\/ALCALDESA-RIO-1-300x180.png 300w, https:\/\/cnctulua.tv\/wp-content\/uploads\/2024\/10\/ALCALDESA-RIO-1-768x460.png 768w, https:\/\/cnctulua.tv\/wp-content\/uploads\/2024\/10\/ALCALDESA-RIO-1.png 1058w\" sizes=\"auto, (max-width: 1024px) 100vw, 1024px\" \/><\/figure>\n\n\n\n<p>El renovado espacio cuenta con 16 casetas, de las cuales 10 estar\u00e1n destinadas a las mujeres que han mantenido viva la tradici\u00f3n de la fritanga durante m\u00e1s de medio siglo. \u201cEste parque permitir\u00e1 que nuestros emprendedores trabajen en mejores condiciones, protegidos de las inclemencias del clima y con acceso a servicios p\u00fablicos\u201d, se\u00f1al\u00f3 Mena Zapata.<\/p>\n\n\n\n<p>La inauguraci\u00f3n del parque marca un hito importante en el desarrollo social y econ\u00f3mico de Riofr\u00edo, convirti\u00e9ndose en un punto de encuentro para los habitantes y visitantes durante las festividades. Se espera que el nuevo espacio revitalice la actividad comercial y cultural del municipio, promoviendo un sentido de comunidad y unidad.<\/p>\n\n\n\n<p>Los riofrienses se preparan para disfrutar de este renovado parque, que promete ser un motor de desarrollo y un lugar donde la tradici\u00f3n y el emprendimiento se entrelazan. La alcaldesa concluy\u00f3 invitando a todos a aprovechar este nuevo espacio, s\u00edmbolo de esfuerzo colectivo y progreso para el municipio.<\/p>\n","protected":false},"excerpt":{"rendered":"<p>En un emotivo evento previo a las fiestas municipales, el municipio de Riofr\u00edo inaugur\u00f3 su renovado parque, una obra que no hab\u00eda recibido remodelaciones en m\u00e1s de 33 a\u00f1os. La alcaldesa Viviana Patricia Mena Zapata fue la encargada de presidir la ceremonia, donde se destac\u00f3 la importancia de esta mejora para la comunidad. Durante su [&hellip;]<\/p>\n","protected":false},"author":4,"featured_media":24897,"comment_status":"open","ping_status":"open","sticky":false,"template":"","format":"video","meta":{"footnotes":""},"categories":[1],"tags":[],"class_list":["post-24887","post","type-post","status-publish","format-video","has-post-thumbnail","hentry","category-uncategorized","post_format-post-format-video"],"_links":{"self":[{"href":"https:\/\/cnctulua.tv\/index.php?rest_route=\/wp\/v2\/posts\/24887","targetHints":{"allow":["GET"]}}],"collection":[{"href":"https:\/\/cnctulua.tv\/index.php?rest_route=\/wp\/v2\/posts"}],"about":[{"href":"https:\/\/cnctulua.tv\/index.php?rest_route=\/wp\/v2\/types\/post"}],"author":[{"embeddable":true,"href":"https:\/\/cnctulua.tv\/index.php?rest_route=\/wp\/v2\/users\/4"}],"replies":[{"embeddable":true,"href":"https:\/\/cnctulua.tv\/index.php?rest_route=%2Fwp%2Fv2%2Fcomments&post=24887"}],"version-history":[{"count":1,"href":"https:\/\/cnctulua.tv\/index.php?rest_route=\/wp\/v2\/posts\/24887\/revisions"}],"predecessor-version":[{"id":24919,"href":"https:\/\/cnctulua.tv\/index.php?rest_route=\/wp\/v2\/posts\/24887\/revisions\/24919"}],"wp:featuredmedia":[{"embeddable":true,"href":"https:\/\/cnctulua.tv\/index.php?rest_route=\/wp\/v2\/media\/24897"}],"wp:attachment":[{"href":"https:\/\/cnctulua.tv\/index.php?rest_route=%2Fwp%2Fv2%2Fmedia&parent=24887"}],"wp:term":[{"taxonomy":"category","embeddable":true,"href":"https:\/\/cnctulua.tv\/index.php?rest_route=%2Fwp%2Fv2%2Fcategories&post=24887"},{"taxonomy":"post_tag","embeddable":true,"href":"https:\/\/cnctulua.tv\/index.php?rest_route=%2Fwp%2Fv2%2Ftags&post=24887"}],"curies":[{"name":"wp","href":"https:\/\/api.w.org\/{rel}","templated":true}]}}