{"id":24888,"date":"2024-10-11T14:37:30","date_gmt":"2024-10-11T14:37:30","guid":{"rendered":"https:\/\/cnctulua.tv\/?p=24888"},"modified":"2024-10-11T14:37:34","modified_gmt":"2024-10-11T14:37:34","slug":"en-cali-cae-alias-barbas-un-acierto-en-la-lucha-contra-el-ecocidio-en-el-parque-natural-farallones-de-cali","status":"publish","type":"post","link":"https:\/\/cnctulua.tv\/?p=24888","title":{"rendered":"EN CALI CAE ALIAS \u201cBARBAS\u201d: UN ACIERTO EN LA LUCHA CONTRA EL ECOCIDIO EN EL PARQUE NATURAL FARALLONES DE CALI."},"content":{"rendered":"\n<p>Desde 2020, alias Barbas hab\u00eda liderado operaciones il\u00edcitas que involucraban la apertura de socavones, el uso de explosivos y la utilizaci\u00f3n de mercurio en las minas Patequeso, La Mart\u00ednez y El Feo. Tras su captura, el delincuente fue puesto a disposici\u00f3n de las autoridades competentes para su respectiva judicializaci\u00f3n.<\/p>\n\n\n\n<p><\/p>\n\n\n\n<figure class=\"wp-block-embed is-type-video is-provider-youtube wp-block-embed-youtube wp-embed-aspect-16-9 wp-has-aspect-ratio\"><div class=\"wp-block-embed__wrapper\">\n<iframe loading=\"lazy\" title=\"Detenido &quot;Barbas&quot; por liderar la miner\u00eda ilegal en Farallones, responsable de la devastaci\u00f3n.\" width=\"640\" height=\"360\" src=\"https:\/\/www.youtube.com\/embed\/Sx79sARQw0c?feature=oembed\" frameborder=\"0\" allow=\"accelerometer; autoplay; clipboard-write; encrypted-media; gyroscope; picture-in-picture; web-share\" referrerpolicy=\"strict-origin-when-cross-origin\" allowfullscreen><\/iframe>\n<\/div><\/figure>\n\n\n\n<p>Este arresto se enmarca dentro de una serie de intervenciones que las fuerzas del orden est\u00e1n llevando a cabo en el departamento para combatir las econom\u00edas il\u00edcitas que afectan la biodiversidad de la regi\u00f3n. El Parque Natural Farallones de Cali, que abarca m\u00e1s de 196.000 hect\u00e1reas y alberga una amplia variedad de ecosistemas, es considerado un pulm\u00f3n esencial para el desarrollo del Valle del Cauca.<\/p>\n\n\n\n<p>En un reciente operativo, las fuerzas militares y policiales cerraron de manera t\u00e9cnica las minas La Laguna y Zacar\u00edas, utilizando implosiones controladas en sus socavones. Asimismo, se intervinieron las minas Anchicay\u00e1, Ferney y Di\u00f3genes, que contin\u00faan generando un impacto negativo en el ecosistema local.<\/p>\n\n\n\n<figure class=\"wp-block-image size-large\"><img loading=\"lazy\" decoding=\"async\" width=\"1024\" height=\"766\" src=\"https:\/\/cnctulua.tv\/wp-content\/uploads\/2024\/10\/BARBAS-2-1024x766.jpeg\" alt=\"\" class=\"wp-image-24900\" srcset=\"https:\/\/cnctulua.tv\/wp-content\/uploads\/2024\/10\/BARBAS-2-1024x766.jpeg 1024w, https:\/\/cnctulua.tv\/wp-content\/uploads\/2024\/10\/BARBAS-2-300x224.jpeg 300w, https:\/\/cnctulua.tv\/wp-content\/uploads\/2024\/10\/BARBAS-2-768x574.jpeg 768w, https:\/\/cnctulua.tv\/wp-content\/uploads\/2024\/10\/BARBAS-2.jpeg 1280w\" sizes=\"auto, (max-width: 1024px) 100vw, 1024px\" \/><\/figure>\n\n\n\n<p>Durante estas acciones, las autoridades incautaron 10 kg de urea y 8 kg de az\u00facar pulverizada, materias primas utilizadas para la fabricaci\u00f3n de explosivos artesanales, as\u00ed como m\u00e1s de 12 kilos de un explosivo similar al ANFO. Adem\u00e1s, se destruyeron 7 granuladores y un complejo habitacional improvisado, junto con otros elementos industriales que contribu\u00edan a la actividad il\u00edcita.<\/p>\n\n\n\n<p>Dada la relevancia del Parque Natural Farallones de Cali, es crucial que todas las instituciones del Estado trabajen de manera coordinada para prevenir y controlar la explotaci\u00f3n minera ilegal.<\/p>\n\n\n\n<p><\/p>\n","protected":false},"excerpt":{"rendered":"<p>Desde 2020, alias Barbas hab\u00eda liderado operaciones il\u00edcitas que involucraban la apertura de socavones, el uso de explosivos y la utilizaci\u00f3n de mercurio en las minas Patequeso, La Mart\u00ednez y El Feo. Tras su captura, el delincuente fue puesto a disposici\u00f3n de las autoridades competentes para su respectiva judicializaci\u00f3n. Este arresto se enmarca dentro de [&hellip;]<\/p>\n","protected":false},"author":4,"featured_media":24899,"comment_status":"open","ping_status":"open","sticky":false,"template":"","format":"video","meta":{"footnotes":""},"categories":[1],"tags":[],"class_list":["post-24888","post","type-post","status-publish","format-video","has-post-thumbnail","hentry","category-uncategorized","post_format-post-format-video"],"_links":{"self":[{"href":"https:\/\/cnctulua.tv\/index.php?rest_route=\/wp\/v2\/posts\/24888","targetHints":{"allow":["GET"]}}],"collection":[{"href":"https:\/\/cnctulua.tv\/index.php?rest_route=\/wp\/v2\/posts"}],"about":[{"href":"https:\/\/cnctulua.tv\/index.php?rest_route=\/wp\/v2\/types\/post"}],"author":[{"embeddable":true,"href":"https:\/\/cnctulua.tv\/index.php?rest_route=\/wp\/v2\/users\/4"}],"replies":[{"embeddable":true,"href":"https:\/\/cnctulua.tv\/index.php?rest_route=%2Fwp%2Fv2%2Fcomments&post=24888"}],"version-history":[{"count":1,"href":"https:\/\/cnctulua.tv\/index.php?rest_route=\/wp\/v2\/posts\/24888\/revisions"}],"predecessor-version":[{"id":24901,"href":"https:\/\/cnctulua.tv\/index.php?rest_route=\/wp\/v2\/posts\/24888\/revisions\/24901"}],"wp:featuredmedia":[{"embeddable":true,"href":"https:\/\/cnctulua.tv\/index.php?rest_route=\/wp\/v2\/media\/24899"}],"wp:attachment":[{"href":"https:\/\/cnctulua.tv\/index.php?rest_route=%2Fwp%2Fv2%2Fmedia&parent=24888"}],"wp:term":[{"taxonomy":"category","embeddable":true,"href":"https:\/\/cnctulua.tv\/index.php?rest_route=%2Fwp%2Fv2%2Fcategories&post=24888"},{"taxonomy":"post_tag","embeddable":true,"href":"https:\/\/cnctulua.tv\/index.php?rest_route=%2Fwp%2Fv2%2Ftags&post=24888"}],"curies":[{"name":"wp","href":"https:\/\/api.w.org\/{rel}","templated":true}]}}