{"id":24934,"date":"2024-10-11T18:25:00","date_gmt":"2024-10-11T18:25:00","guid":{"rendered":"https:\/\/cnctulua.tv\/?p=24934"},"modified":"2024-10-11T18:25:06","modified_gmt":"2024-10-11T18:25:06","slug":"la-fuerza-aerea-colombiana-abre-incorporacion-para-para-jovenes-entre-18-y-23-anos","status":"publish","type":"post","link":"https:\/\/cnctulua.tv\/?p=24934","title":{"rendered":"LA FUERZA A\u00c9REA COLOMBIANA ABRE INCORPORACI\u00d3N PARA PARA J\u00d3VENES ENTRE 18 Y 23 A\u00d1OS."},"content":{"rendered":"\n<p><\/p>\n\n\n\n<p>La Fuerza A\u00e9rea Colombiana, bajo la direcci\u00f3n del Mayor Harrison Cifuentes Montealegre, Jefe de Incorporaciones, ha anunciado una nueva convocatoria dirigida a j\u00f3venes entre 18 y 23 a\u00f1os que deseen definir su situaci\u00f3n militar. El proceso se llevar\u00e1 a cabo el pr\u00f3ximo 22 de octubre en la Escuela Militar de Aviaci\u00f3n Marco Fidel Su\u00e1rez, en Cali.<\/p>\n\n\n\n<p><\/p>\n\n\n\n<figure class=\"wp-block-embed is-type-video is-provider-youtube wp-block-embed-youtube wp-embed-aspect-16-9 wp-has-aspect-ratio\"><div class=\"wp-block-embed__wrapper\">\n<iframe loading=\"lazy\" title=\"Este 22 de octubre la Fuerza A\u00e9rea Colombiana abre convocatoria para prestar el servicio el militar.\" width=\"640\" height=\"360\" src=\"https:\/\/www.youtube.com\/embed\/u_B8gaYwtUU?feature=oembed\" frameborder=\"0\" allow=\"accelerometer; autoplay; clipboard-write; encrypted-media; gyroscope; picture-in-picture; web-share\" referrerpolicy=\"strict-origin-when-cross-origin\" allowfullscreen><\/iframe>\n<\/div><\/figure>\n\n\n\n<p>Los interesados deber\u00e1n cumplir con los requisitos establecidos en la Ley 1861 de 2017, que contempla ciertas excepciones, como ser hijo \u00fanico o pertenecer a comunidades ind\u00edgenas o poblaciones vulnerables. Aquellos que no se encuentren dentro de estas excepciones podr\u00e1n inscribirse a trav\u00e9s del sitio web <a href=\"http:\/\/www.incorporacion.mil.co\">www.incorporacion.mil.co<\/a> o contactarse al n\u00famero 3176409340 para agendar una cita.<\/p>\n\n\n\n<p>El d\u00eda de la convocatoria, los j\u00f3venes realizar\u00e1n ex\u00e1menes m\u00e9dicos, psicol\u00f3gicos y odontol\u00f3gicos, todos gratuitos. La Fuerza A\u00e9rea ha advertido a los aspirantes sobre la importancia de evitar intermediarios o tramitadores externos, enfatizando que todo el proceso es directo con la instituci\u00f3n.<\/p>\n\n\n\n<figure class=\"wp-block-image size-full\"><img loading=\"lazy\" decoding=\"async\" width=\"829\" height=\"526\" src=\"https:\/\/cnctulua.tv\/wp-content\/uploads\/2024\/10\/soldado_por_un_dia_web.jpg\" alt=\"\" class=\"wp-image-24938\" srcset=\"https:\/\/cnctulua.tv\/wp-content\/uploads\/2024\/10\/soldado_por_un_dia_web.jpg 829w, https:\/\/cnctulua.tv\/wp-content\/uploads\/2024\/10\/soldado_por_un_dia_web-300x190.jpg 300w, https:\/\/cnctulua.tv\/wp-content\/uploads\/2024\/10\/soldado_por_un_dia_web-768x487.jpg 768w\" sizes=\"auto, (max-width: 829px) 100vw, 829px\" \/><figcaption class=\"wp-element-caption\">dav<\/figcaption><\/figure>\n\n\n\n<p>Entre los beneficios para quienes se incorporen se encuentran el devengo del 50% del salario m\u00ednimo mensual vigente, que aumentar\u00e1 al 70% antes de diciembre. Adem\u00e1s, despu\u00e9s de nueve meses de servicio, los soldados tendr\u00e1n la opci\u00f3n de convertirse en soldados profesionales o postularse a las escuelas de oficiales y suboficiales, con matr\u00edcula acad\u00e9mica gratuita y descuentos.<\/p>\n\n\n\n<p>El entrenamiento de los reclutas se realizar\u00e1 en el Comando A\u00e9reo de Combate No. 2, en Villavicencio, y el traslado ser\u00e1 por v\u00eda a\u00e9rea, permitiendo a los nuevos soldados una primera experiencia con aeronaves militares.<\/p>\n","protected":false},"excerpt":{"rendered":"<p>La Fuerza A\u00e9rea Colombiana, bajo la direcci\u00f3n del Mayor Harrison Cifuentes Montealegre, Jefe de Incorporaciones, ha anunciado una nueva convocatoria dirigida a j\u00f3venes entre 18 y 23 a\u00f1os que deseen definir su situaci\u00f3n militar. El proceso se llevar\u00e1 a cabo el pr\u00f3ximo 22 de octubre en la Escuela Militar de Aviaci\u00f3n Marco Fidel Su\u00e1rez, en [&hellip;]<\/p>\n","protected":false},"author":4,"featured_media":24937,"comment_status":"open","ping_status":"open","sticky":false,"template":"","format":"video","meta":{"footnotes":""},"categories":[1],"tags":[],"class_list":["post-24934","post","type-post","status-publish","format-video","has-post-thumbnail","hentry","category-uncategorized","post_format-post-format-video"],"_links":{"self":[{"href":"https:\/\/cnctulua.tv\/index.php?rest_route=\/wp\/v2\/posts\/24934","targetHints":{"allow":["GET"]}}],"collection":[{"href":"https:\/\/cnctulua.tv\/index.php?rest_route=\/wp\/v2\/posts"}],"about":[{"href":"https:\/\/cnctulua.tv\/index.php?rest_route=\/wp\/v2\/types\/post"}],"author":[{"embeddable":true,"href":"https:\/\/cnctulua.tv\/index.php?rest_route=\/wp\/v2\/users\/4"}],"replies":[{"embeddable":true,"href":"https:\/\/cnctulua.tv\/index.php?rest_route=%2Fwp%2Fv2%2Fcomments&post=24934"}],"version-history":[{"count":1,"href":"https:\/\/cnctulua.tv\/index.php?rest_route=\/wp\/v2\/posts\/24934\/revisions"}],"predecessor-version":[{"id":24946,"href":"https:\/\/cnctulua.tv\/index.php?rest_route=\/wp\/v2\/posts\/24934\/revisions\/24946"}],"wp:featuredmedia":[{"embeddable":true,"href":"https:\/\/cnctulua.tv\/index.php?rest_route=\/wp\/v2\/media\/24937"}],"wp:attachment":[{"href":"https:\/\/cnctulua.tv\/index.php?rest_route=%2Fwp%2Fv2%2Fmedia&parent=24934"}],"wp:term":[{"taxonomy":"category","embeddable":true,"href":"https:\/\/cnctulua.tv\/index.php?rest_route=%2Fwp%2Fv2%2Fcategories&post=24934"},{"taxonomy":"post_tag","embeddable":true,"href":"https:\/\/cnctulua.tv\/index.php?rest_route=%2Fwp%2Fv2%2Ftags&post=24934"}],"curies":[{"name":"wp","href":"https:\/\/api.w.org\/{rel}","templated":true}]}}