{"id":24935,"date":"2024-10-11T19:20:03","date_gmt":"2024-10-11T19:20:03","guid":{"rendered":"https:\/\/cnctulua.tv\/?p=24935"},"modified":"2024-10-11T19:20:07","modified_gmt":"2024-10-11T19:20:07","slug":"avanzan-las-jornadas-del-programa-circulo-de-hombres-en-entornos-educativos-para-promover-masculinidades-equitativas-en-escuelas-del-valle","status":"publish","type":"post","link":"https:\/\/cnctulua.tv\/?p=24935","title":{"rendered":"AVANZAN LAS JORNADAS DEL PROGRAMA \u2018C\u00cdRCULO DE HOMBRES EN ENTORNOS EDUCATIVOS\u2019 PARA PROMOVER MASCULINIDADES EQUITATIVAS EN ESCUELAS DEL VALLE."},"content":{"rendered":"\n<p>Con el objetivo de transformar los estereotipos de g\u00e9nero y fomentar relaciones basadas en la equidad, la Gobernaci\u00f3n del Valle, a trav\u00e9s de la Secretar\u00eda de Mujer, Equidad de G\u00e9nero y Diversidad Sexual, sigue avanzando con \u00e9xito en la implementaci\u00f3n del programa *\u2018C\u00edrculo de Hombres en Entornos Educativos\u2019*. Esta iniciativa busca sensibilizar a estudiantes, docentes y padres de familia sobre la importancia de promover masculinidades equitativas y prevenir la violencia basada en g\u00e9nero en los entornos escolares.<\/p>\n\n\n\n<p><\/p>\n\n\n\n<figure class=\"wp-block-embed is-type-video is-provider-youtube wp-block-embed-youtube wp-embed-aspect-16-9 wp-has-aspect-ratio\"><div class=\"wp-block-embed__wrapper\">\n<iframe loading=\"lazy\" title=\"Programa &#039;C\u00edrculo de Hombres&#039;: una iniciativa por la equidad en la educaci\u00f3n.\" width=\"640\" height=\"360\" src=\"https:\/\/www.youtube.com\/embed\/WLTnIDMrfYA?feature=oembed\" frameborder=\"0\" allow=\"accelerometer; autoplay; clipboard-write; encrypted-media; gyroscope; picture-in-picture; web-share\" referrerpolicy=\"strict-origin-when-cross-origin\" allowfullscreen><\/iframe>\n<\/div><\/figure>\n\n\n\n<p>El programa ha tenido un fuerte impacto en diversas comunidades rurales del Valle del Cauca. En la Instituci\u00f3n Educativa \u2018Alfredo Garrido\u2019, ubicada en el corregimiento Portugal de Piedras de Riofr\u00edo, la rectora Mar\u00eda Beltr\u00e1n destac\u00f3 la relevancia de estas jornadas formativas: \u201cEs crucial contar con herramientas para avanzar en la disminuci\u00f3n de las violencias basadas en g\u00e9nero. La presencia de la Gobernaci\u00f3n en las zonas rurales es esencial, porque estos programas deben llegar a los espacios m\u00e1s alejados, permiti\u00e9ndonos avanzar desde las aulas hacia la equidad de g\u00e9nero\u201d, se\u00f1al\u00f3 Beltr\u00e1n.<\/p>\n\n\n\n<p>El docente Andr\u00e9s Rodr\u00edguez tambi\u00e9n resalt\u00f3 el impacto que estas actividades tienen en los participantes. \u201cEs significativo c\u00f3mo nos damos cuenta de los estereotipos que tenemos sobre los roles de g\u00e9nero. Articular a toda la comunidad educativa nos permite lograr una transformaci\u00f3n real, integrando estos temas extracurriculares que son clave para la vida cotidiana de nuestros estudiantes\u201d, explic\u00f3 Rodr\u00edguez, enfatizando la importancia de involucrar a toda la comunidad educativa en el proceso de cambio.<\/p>\n\n\n\n<p>Adem\u00e1s de la participaci\u00f3n de los educadores, el programa ha contado con el apoyo activo de las familias. Nury Yaneth Mora, madre de familia, expres\u00f3 su satisfacci\u00f3n por la inclusi\u00f3n de estos temas en las jornadas. \u201cSentir el apoyo de la Gobernaci\u00f3n en estos temas tan importantes es gratificante, especialmente en las zonas rurales. Estos espacios me ense\u00f1an a cambiar la crianza de mis hijos y a reconocer la importancia de que los hombres tambi\u00e9n est\u00e9n presentes en el hogar, no solo en el trabajo. Es fundamental que sigan viniendo, necesitamos estos aprendizajes para ser una mejor sociedad\u201d, coment\u00f3 Mora.<\/p>\n\n\n\n<p>El *\u2018C\u00edrculo de Hombres en Entornos Educativos\u2019* ha beneficiado ya a m\u00e1s de 400 ni\u00f1os, ni\u00f1as, j\u00f3venes, docentes y personal administrativo en diferentes municipios del Valle, incluidos Riofr\u00edo, Jamund\u00ed, Candelaria y Yumbo, adem\u00e1s de algunos corregimientos. Estos encuentros han servido como plataformas de reflexi\u00f3n para los miembros de la comunidad educativa, fomentando un entorno de respeto, igualdad y equidad dentro y fuera de las aulas.<\/p>\n\n\n\n<figure class=\"wp-block-image size-large\"><img loading=\"lazy\" decoding=\"async\" width=\"1024\" height=\"768\" src=\"https:\/\/cnctulua.tv\/wp-content\/uploads\/2024\/10\/CIRCULO-HOOMBRES-4-1024x768.jpeg\" alt=\"\" class=\"wp-image-24945\" srcset=\"https:\/\/cnctulua.tv\/wp-content\/uploads\/2024\/10\/CIRCULO-HOOMBRES-4-1024x768.jpeg 1024w, https:\/\/cnctulua.tv\/wp-content\/uploads\/2024\/10\/CIRCULO-HOOMBRES-4-300x225.jpeg 300w, https:\/\/cnctulua.tv\/wp-content\/uploads\/2024\/10\/CIRCULO-HOOMBRES-4-768x576.jpeg 768w, https:\/\/cnctulua.tv\/wp-content\/uploads\/2024\/10\/CIRCULO-HOOMBRES-4-1536x1152.jpeg 1536w, https:\/\/cnctulua.tv\/wp-content\/uploads\/2024\/10\/CIRCULO-HOOMBRES-4.jpeg 1440w\" sizes=\"auto, (max-width: 1024px) 100vw, 1024px\" \/><\/figure>\n\n\n\n<p>Yurany Ordo\u00f1ez, secretaria de Mujer, Equidad de G\u00e9nero y Diversidad Sexual de la Gobernaci\u00f3n del Valle, explic\u00f3 que el programa continuar\u00e1 expandi\u00e9ndose a los 34 municipios no certificados del departamento. \u201cNuestro objetivo es llegar a m\u00e1s instituciones educativas para sensibilizar a m\u00e1s personas sobre la importancia de una masculinidad equitativa y la prevenci\u00f3n de la violencia de g\u00e9nero. Con este programa, buscamos que las comunidades educativas reflexionen y tomen decisiones para transformar las din\u00e1micas de poder y fomentar una cultura de paz\u201d, afirm\u00f3 Ordo\u00f1ez.<\/p>\n\n\n\n<p>Este programa es una de las principales apuestas de la Gobernaci\u00f3n del Valle para promover una educaci\u00f3n libre de violencias y con un enfoque de equidad de g\u00e9nero, contribuyendo a la formaci\u00f3n de nuevas generaciones m\u00e1s conscientes y responsables en sus relaciones interpersonales. A trav\u00e9s de estas jornadas, la Gobernaci\u00f3n reafirma su compromiso con la construcci\u00f3n de una sociedad m\u00e1s justa, equitativa y libre de estereotipos de g\u00e9nero.<\/p>\n","protected":false},"excerpt":{"rendered":"<p>Con el objetivo de transformar los estereotipos de g\u00e9nero y fomentar relaciones basadas en la equidad, la Gobernaci\u00f3n del Valle, a trav\u00e9s de la Secretar\u00eda de Mujer, Equidad de G\u00e9nero y Diversidad Sexual, sigue avanzando con \u00e9xito en la implementaci\u00f3n del programa *\u2018C\u00edrculo de Hombres en Entornos Educativos\u2019*. Esta iniciativa busca sensibilizar a estudiantes, docentes [&hellip;]<\/p>\n","protected":false},"author":4,"featured_media":24944,"comment_status":"open","ping_status":"open","sticky":false,"template":"","format":"video","meta":{"footnotes":""},"categories":[1],"tags":[],"class_list":["post-24935","post","type-post","status-publish","format-video","has-post-thumbnail","hentry","category-uncategorized","post_format-post-format-video"],"_links":{"self":[{"href":"https:\/\/cnctulua.tv\/index.php?rest_route=\/wp\/v2\/posts\/24935","targetHints":{"allow":["GET"]}}],"collection":[{"href":"https:\/\/cnctulua.tv\/index.php?rest_route=\/wp\/v2\/posts"}],"about":[{"href":"https:\/\/cnctulua.tv\/index.php?rest_route=\/wp\/v2\/types\/post"}],"author":[{"embeddable":true,"href":"https:\/\/cnctulua.tv\/index.php?rest_route=\/wp\/v2\/users\/4"}],"replies":[{"embeddable":true,"href":"https:\/\/cnctulua.tv\/index.php?rest_route=%2Fwp%2Fv2%2Fcomments&post=24935"}],"version-history":[{"count":1,"href":"https:\/\/cnctulua.tv\/index.php?rest_route=\/wp\/v2\/posts\/24935\/revisions"}],"predecessor-version":[{"id":24965,"href":"https:\/\/cnctulua.tv\/index.php?rest_route=\/wp\/v2\/posts\/24935\/revisions\/24965"}],"wp:featuredmedia":[{"embeddable":true,"href":"https:\/\/cnctulua.tv\/index.php?rest_route=\/wp\/v2\/media\/24944"}],"wp:attachment":[{"href":"https:\/\/cnctulua.tv\/index.php?rest_route=%2Fwp%2Fv2%2Fmedia&parent=24935"}],"wp:term":[{"taxonomy":"category","embeddable":true,"href":"https:\/\/cnctulua.tv\/index.php?rest_route=%2Fwp%2Fv2%2Fcategories&post=24935"},{"taxonomy":"post_tag","embeddable":true,"href":"https:\/\/cnctulua.tv\/index.php?rest_route=%2Fwp%2Fv2%2Ftags&post=24935"}],"curies":[{"name":"wp","href":"https:\/\/api.w.org\/{rel}","templated":true}]}}