{"id":24961,"date":"2024-10-11T19:13:31","date_gmt":"2024-10-11T19:13:31","guid":{"rendered":"https:\/\/cnctulua.tv\/?p=24961"},"modified":"2024-10-11T19:13:35","modified_gmt":"2024-10-11T19:13:35","slug":"transformacion-sostenible-roperos-de-inclusion-promueven-la-economia-circular-en-el-valle-del-cauca","status":"publish","type":"post","link":"https:\/\/cnctulua.tv\/?p=24961","title":{"rendered":"TRANSFORMACI\u00d3N SOSTENIBLE: ROPEROS DE INCLUSI\u00d3N PROMUEVEN LA ECONOM\u00cdA CIRCULAR EN EL VALLE DEL CAUCA."},"content":{"rendered":"\n<p><\/p>\n\n\n\n<p>En el Valle del Cauca se ha puesto en marcha una innovadora estrategia de emprendimiento social que busca transformar la moda a trav\u00e9s de la econom\u00eda circular. Bajo el proyecto \u201cRoperos de Inclusi\u00f3n\u201d, personas en situaci\u00f3n de vulnerabilidad est\u00e1n aprendiendo a reutilizar y transformar prendas usadas, d\u00e1ndoles una nueva vida a trav\u00e9s de la creatividad y el dise\u00f1o. La iniciativa no solo fomenta la sostenibilidad, sino que tambi\u00e9n genera oportunidades laborales en la regi\u00f3n.<\/p>\n\n\n\n<p><\/p>\n\n\n\n<figure class=\"wp-block-embed is-type-video is-provider-youtube wp-block-embed-youtube wp-embed-aspect-16-9 wp-has-aspect-ratio\"><div class=\"wp-block-embed__wrapper\">\n<iframe loading=\"lazy\" title=\"Roperos de Inclusi\u00f3n: Impulso a la moda sostenible y la econom\u00eda circular en el Valle del Cauca.\" width=\"640\" height=\"360\" src=\"https:\/\/www.youtube.com\/embed\/3T-EBX7-soU?feature=oembed\" frameborder=\"0\" allow=\"accelerometer; autoplay; clipboard-write; encrypted-media; gyroscope; picture-in-picture; web-share\" referrerpolicy=\"strict-origin-when-cross-origin\" allowfullscreen><\/iframe>\n<\/div><\/figure>\n\n\n\n<p>El Ropero de Inclusi\u00f3n se ha consolidado como un espacio de capacitaci\u00f3n para quienes buscan crear productos innovadores a partir de materiales reciclados. Iv\u00e1n Mauricio Torres, instructor l\u00edder del Centro de Dise\u00f1o Tecnol\u00f3gico Industrial Regional del Valle, explic\u00f3 el prop\u00f3sito del proyecto: \u00abEnse\u00f1amos a transformar las prendas d\u00e1ndoles sentido a la materia con creatividad, alargando as\u00ed el ciclo de vida del vestuario y fomentando la econom\u00eda circular\u00bb, dijo. A trav\u00e9s de talleres pr\u00e1cticos, los participantes aprenden el manejo de maquinaria de coser y herramientas tecnol\u00f3gicas avanzadas para mejorar los procesos de dise\u00f1o.<\/p>\n\n\n\n<p>El enfoque tecnol\u00f3gico es otro de los grandes pilares de este proyecto. Ana Mar\u00eda Ord\u00f3\u00f1ez, docente del programa, destac\u00f3 el uso de tecnolog\u00edas como la realidad aumentada y la realidad virtual, que permiten visualizar y modificar dise\u00f1os en entornos digitales. \u201cCon la realidad extendida, podemos interactuar con los vestuarios y modificarlos. Adem\u00e1s, los usuarios pueden ver pasarelas virtuales y probarse ropa sin necesidad de estar en la tienda f\u00edsica, lo que abre un abanico de posibilidades para el futuro de la moda sostenible\u201d, explic\u00f3.<\/p>\n\n\n\n<figure class=\"wp-block-image size-large\"><img loading=\"lazy\" decoding=\"async\" width=\"1024\" height=\"682\" src=\"https:\/\/cnctulua.tv\/wp-content\/uploads\/2024\/10\/roperos-3-1-1024x682.jpeg\" alt=\"\" class=\"wp-image-24963\" srcset=\"https:\/\/cnctulua.tv\/wp-content\/uploads\/2024\/10\/roperos-3-1-1024x682.jpeg 1024w, https:\/\/cnctulua.tv\/wp-content\/uploads\/2024\/10\/roperos-3-1-300x200.jpeg 300w, https:\/\/cnctulua.tv\/wp-content\/uploads\/2024\/10\/roperos-3-1-768x512.jpeg 768w, https:\/\/cnctulua.tv\/wp-content\/uploads\/2024\/10\/roperos-3-1-1536x1024.jpeg 1536w, https:\/\/cnctulua.tv\/wp-content\/uploads\/2024\/10\/roperos-3-1-2048x1365.jpeg 2048w, https:\/\/cnctulua.tv\/wp-content\/uploads\/2024\/10\/roperos-3-1-scaled.jpeg 1920w\" sizes=\"auto, (max-width: 1024px) 100vw, 1024px\" \/><\/figure>\n\n\n\n<p>El uso de estas tecnolog\u00edas no solo enriquece el aprendizaje de los participantes, sino que tambi\u00e9n los prepara para una industria de la moda m\u00e1s digitalizada y accesible a nivel global.<\/p>\n\n\n\n<p>La iniciativa ha tenido un impacto directo en m\u00e1s de 100 personas de Cali, Buga y Zarzal. Edwin D\u00edaz, uno de los beneficiarios del Ropero de Inclusi\u00f3n \u2018M\u00e1s playas limpias\u2019, comparti\u00f3 su experiencia: \u00abNo solo nos dan la oportunidad de aprender, sino que tambi\u00e9n podemos establecer contactos valiosos que nos ayudan a ampliar nuestros conocimientos sobre el buen manejo de la moda y su impacto ambiental.\u00bb<\/p>\n\n\n\n<p>Por su parte, Liliana Pardo, del Ropero de Inclusi\u00f3n \u2018Las Cuidadoras\u2019, destac\u00f3 c\u00f3mo la estrategia les ha permitido acceder a nuevas herramientas y conocimientos. \u00abNos abre puertas, a pesar de que no ten\u00edamos mucha experiencia. La tecnolog\u00eda est\u00e1 al alcance y nos permite automatizar algunos de nuestros procesos\u00bb, coment\u00f3.<\/p>\n\n\n\n<p>El proceso formativo culminar\u00e1 con un evento especial: el *Reto Moda Sostenible*, que premiar\u00e1 al producto m\u00e1s innovador creado con materiales reciclados o reutilizados. El ganador recibir\u00e1 una m\u00e1quina de coser familiar y tres mentor\u00edas en internacionalizaci\u00f3n y mercadeo, lo que le permitir\u00e1 ampliar su visi\u00f3n comercial y llevar su emprendimiento a un nivel global.<\/p>\n\n\n\n<p>Esta estrategia demuestra c\u00f3mo la moda puede ser una herramienta poderosa para promover la inclusi\u00f3n, la sostenibilidad y el emprendimiento en las comunidades m\u00e1s vulnerables. A trav\u00e9s de los Roperos de Inclusi\u00f3n, el Valle del Cauca se posiciona como un ejemplo de econom\u00eda circular aplicada al sector textil, con miras a un futuro m\u00e1s verde y colaborativo.<\/p>\n","protected":false},"excerpt":{"rendered":"<p>En el Valle del Cauca se ha puesto en marcha una innovadora estrategia de emprendimiento social que busca transformar la moda a trav\u00e9s de la econom\u00eda circular. Bajo el proyecto \u201cRoperos de Inclusi\u00f3n\u201d, personas en situaci\u00f3n de vulnerabilidad est\u00e1n aprendiendo a reutilizar y transformar prendas usadas, d\u00e1ndoles una nueva vida a trav\u00e9s de la creatividad [&hellip;]<\/p>\n","protected":false},"author":4,"featured_media":24962,"comment_status":"open","ping_status":"open","sticky":false,"template":"","format":"video","meta":{"footnotes":""},"categories":[1],"tags":[],"class_list":["post-24961","post","type-post","status-publish","format-video","has-post-thumbnail","hentry","category-uncategorized","post_format-post-format-video"],"_links":{"self":[{"href":"https:\/\/cnctulua.tv\/index.php?rest_route=\/wp\/v2\/posts\/24961","targetHints":{"allow":["GET"]}}],"collection":[{"href":"https:\/\/cnctulua.tv\/index.php?rest_route=\/wp\/v2\/posts"}],"about":[{"href":"https:\/\/cnctulua.tv\/index.php?rest_route=\/wp\/v2\/types\/post"}],"author":[{"embeddable":true,"href":"https:\/\/cnctulua.tv\/index.php?rest_route=\/wp\/v2\/users\/4"}],"replies":[{"embeddable":true,"href":"https:\/\/cnctulua.tv\/index.php?rest_route=%2Fwp%2Fv2%2Fcomments&post=24961"}],"version-history":[{"count":1,"href":"https:\/\/cnctulua.tv\/index.php?rest_route=\/wp\/v2\/posts\/24961\/revisions"}],"predecessor-version":[{"id":24964,"href":"https:\/\/cnctulua.tv\/index.php?rest_route=\/wp\/v2\/posts\/24961\/revisions\/24964"}],"wp:featuredmedia":[{"embeddable":true,"href":"https:\/\/cnctulua.tv\/index.php?rest_route=\/wp\/v2\/media\/24962"}],"wp:attachment":[{"href":"https:\/\/cnctulua.tv\/index.php?rest_route=%2Fwp%2Fv2%2Fmedia&parent=24961"}],"wp:term":[{"taxonomy":"category","embeddable":true,"href":"https:\/\/cnctulua.tv\/index.php?rest_route=%2Fwp%2Fv2%2Fcategories&post=24961"},{"taxonomy":"post_tag","embeddable":true,"href":"https:\/\/cnctulua.tv\/index.php?rest_route=%2Fwp%2Fv2%2Ftags&post=24961"}],"curies":[{"name":"wp","href":"https:\/\/api.w.org\/{rel}","templated":true}]}}