{"id":24966,"date":"2024-10-11T19:29:57","date_gmt":"2024-10-11T19:29:57","guid":{"rendered":"https:\/\/cnctulua.tv\/?p=24966"},"modified":"2024-10-11T19:30:02","modified_gmt":"2024-10-11T19:30:02","slug":"avance-en-la-lucha-contra-la-violencia-de-genero-en-buenaventura-bryan-villa-cuero-se-entrega-voluntariamente","status":"publish","type":"post","link":"https:\/\/cnctulua.tv\/?p=24966","title":{"rendered":"AVANCE EN LA LUCHA CONTRA LA VIOLENCIA DE G\u00c9NERO EN BUENAVENTURA: BRYAN VILLA CUERO SE ENTREGA VOLUNTARIAMENTE."},"content":{"rendered":"\n<p><\/p>\n\n\n\n<p>En un importante paso hacia la justicia y la protecci\u00f3n de los derechos de las v\u00edctimas de violencia de g\u00e9nero, Bryan Jair Villa Cuero, se\u00f1alado como responsable de un feminicidio agravado, se present\u00f3 de manera voluntaria ante la Fiscal\u00eda General en el Distrito Especial de Buenaventura. Villa Cuero, quien contaba con una orden de captura vigente, es se\u00f1alado por un tr\u00e1gico hecho ocurrido el pasado 7 de octubre en el barrio Cascajal, donde se registr\u00f3 el asesinato de una mujer.<\/p>\n\n\n\n<p><\/p>\n\n\n\n<figure class=\"wp-block-embed is-type-video is-provider-youtube wp-block-embed-youtube wp-embed-aspect-16-9 wp-has-aspect-ratio\"><div class=\"wp-block-embed__wrapper\">\n<iframe loading=\"lazy\" title=\"En Buenaventura Bryan Jair Villa Cuero se entrega voluntaria por presunto homicidio.\" width=\"640\" height=\"360\" src=\"https:\/\/www.youtube.com\/embed\/l0D1k9XJ6DU?feature=oembed\" frameborder=\"0\" allow=\"accelerometer; autoplay; clipboard-write; encrypted-media; gyroscope; picture-in-picture; web-share\" referrerpolicy=\"strict-origin-when-cross-origin\" allowfullscreen><\/iframe>\n<\/div><\/figure>\n\n\n\n<p>La entrega voluntaria de Villa Cuero, un individuo de 30 a\u00f1os, fue posible gracias a las acciones de seguimiento y coordinaci\u00f3n entre las autoridades locales y la Fiscal\u00eda General de la Naci\u00f3n. Con esta acci\u00f3n, se avanza en el proceso judicial, que permitir\u00e1 la investigaci\u00f3n y el juzgamiento de los responsables de este tipo de cr\u00edmenes.<\/p>\n\n\n\n<p>El coronel Hernando Alexander Barajas, Comandante del Distrito Especial de Buenaventura, destac\u00f3 que este acto de entrega es una muestra de la efectividad del trabajo de las autoridades en la lucha contra la violencia de g\u00e9nero. \u201cEste tipo de entregas refuerzan nuestro compromiso con la protecci\u00f3n de las v\u00edctimas y la justicia. Es vital que los responsables de estos actos sean llevados ante la justicia, y que la sociedad conf\u00ede en un sistema judicial que act\u00fae con rapidez y efectividad\u201d, afirm\u00f3 Barajas.<\/p>\n\n\n\n<p>Las autoridades, junto con la Fiscal\u00eda, se encuentran adelantando las actuaciones legales correspondientes, las cuales incluyen el inicio de una investigaci\u00f3n exhaustiva para esclarecer los hechos y garantizar que el agresor reciba el castigo conforme a la ley. Asimismo, se reitera el compromiso de las instituciones con la protecci\u00f3n de los derechos de las v\u00edctimas y la erradicaci\u00f3n de la violencia de g\u00e9nero en todas sus formas.<\/p>\n\n\n\n<p>Este avance judicial ha sido recibido como un signo positivo de que las autoridades est\u00e1n respondiendo de manera efectiva a los cr\u00edmenes de violencia de g\u00e9nero, lo cual es fundamental para construir una sociedad m\u00e1s justa y segura. La comunidad de Buenaventura, aunque a\u00fan consternada por el crimen, ha manifestado su apoyo a las autoridades y su deseo de ver a los responsables de estos actos pagar por sus cr\u00edmenes.<\/p>\n\n\n\n<p>La Polic\u00eda Nacional y la Fiscal\u00eda contin\u00faan trabajando de manera conjunta para asegurar que hechos como estos no queden impunes, reforzando as\u00ed la lucha por un entorno m\u00e1s seguro y libre de violencia para todos.<\/p>\n","protected":false},"excerpt":{"rendered":"<p>En un importante paso hacia la justicia y la protecci\u00f3n de los derechos de las v\u00edctimas de violencia de g\u00e9nero, Bryan Jair Villa Cuero, se\u00f1alado como responsable de un feminicidio agravado, se present\u00f3 de manera voluntaria ante la Fiscal\u00eda General en el Distrito Especial de Buenaventura. Villa Cuero, quien contaba con una orden de captura [&hellip;]<\/p>\n","protected":false},"author":4,"featured_media":24967,"comment_status":"open","ping_status":"open","sticky":false,"template":"","format":"video","meta":{"footnotes":""},"categories":[1],"tags":[],"class_list":["post-24966","post","type-post","status-publish","format-video","has-post-thumbnail","hentry","category-uncategorized","post_format-post-format-video"],"_links":{"self":[{"href":"https:\/\/cnctulua.tv\/index.php?rest_route=\/wp\/v2\/posts\/24966","targetHints":{"allow":["GET"]}}],"collection":[{"href":"https:\/\/cnctulua.tv\/index.php?rest_route=\/wp\/v2\/posts"}],"about":[{"href":"https:\/\/cnctulua.tv\/index.php?rest_route=\/wp\/v2\/types\/post"}],"author":[{"embeddable":true,"href":"https:\/\/cnctulua.tv\/index.php?rest_route=\/wp\/v2\/users\/4"}],"replies":[{"embeddable":true,"href":"https:\/\/cnctulua.tv\/index.php?rest_route=%2Fwp%2Fv2%2Fcomments&post=24966"}],"version-history":[{"count":1,"href":"https:\/\/cnctulua.tv\/index.php?rest_route=\/wp\/v2\/posts\/24966\/revisions"}],"predecessor-version":[{"id":24968,"href":"https:\/\/cnctulua.tv\/index.php?rest_route=\/wp\/v2\/posts\/24966\/revisions\/24968"}],"wp:featuredmedia":[{"embeddable":true,"href":"https:\/\/cnctulua.tv\/index.php?rest_route=\/wp\/v2\/media\/24967"}],"wp:attachment":[{"href":"https:\/\/cnctulua.tv\/index.php?rest_route=%2Fwp%2Fv2%2Fmedia&parent=24966"}],"wp:term":[{"taxonomy":"category","embeddable":true,"href":"https:\/\/cnctulua.tv\/index.php?rest_route=%2Fwp%2Fv2%2Fcategories&post=24966"},{"taxonomy":"post_tag","embeddable":true,"href":"https:\/\/cnctulua.tv\/index.php?rest_route=%2Fwp%2Fv2%2Ftags&post=24966"}],"curies":[{"name":"wp","href":"https:\/\/api.w.org\/{rel}","templated":true}]}}