{"id":24976,"date":"2024-10-15T16:19:06","date_gmt":"2024-10-15T16:19:06","guid":{"rendered":"https:\/\/cnctulua.tv\/?p=24976"},"modified":"2024-10-15T16:19:11","modified_gmt":"2024-10-15T16:19:11","slug":"plan-escudo-la-fuerza-aerea-colombiana-refuerza-la-seguridad-durante-la-cop-16-en-cali","status":"publish","type":"post","link":"https:\/\/cnctulua.tv\/?p=24976","title":{"rendered":"PLAN ESCUDO: LA FUERZA A\u00c9REA COLOMBIANA REFUERZA LA SEGURIDAD DURANTE LA COP 16 EN CALI."},"content":{"rendered":"\n<p>Con el objetivo de garantizar la seguridad durante la Conferencia de las Partes, COP 16, la Fuerza A\u00e9rea Colombiana (FAC) ha puesto en marcha el Plan Escudo, un despliegue operacional dise\u00f1ado para controlar el espacio a\u00e9reo de Santiago de Cali del 21 de octubre al 1 de noviembre. Este evento es fundamental en la lucha global contra el cambio clim\u00e1tico y la preservaci\u00f3n de la biodiversidad.<\/p>\n\n\n\n<p><\/p>\n\n\n\n<figure class=\"wp-block-embed is-type-video is-provider-youtube wp-block-embed-youtube wp-embed-aspect-16-9 wp-has-aspect-ratio\"><div class=\"wp-block-embed__wrapper\">\n<iframe loading=\"lazy\" title=\"Fuerza A\u00e9rea Colombiana Implementa Plan Escudo para la COP 16 en Cali.\" width=\"640\" height=\"360\" src=\"https:\/\/www.youtube.com\/embed\/OQZtK8uLpNE?feature=oembed\" frameborder=\"0\" allow=\"accelerometer; autoplay; clipboard-write; encrypted-media; gyroscope; picture-in-picture; web-share\" referrerpolicy=\"strict-origin-when-cross-origin\" allowfullscreen><\/iframe>\n<\/div><\/figure>\n\n\n\n<p>El Comando A\u00e9reo de Combate No. 7 (CACOM 7) ha activado un conjunto de aeronaves de ala fija y rotatoria, as\u00ed como avanzadas capacidades de vigilancia, para asegurar un entorno seguro durante la cumbre. En una medida innovadora, se desplegar\u00e1 por primera vez en Cali el ScanEagle, un sistema de aeronaves remotamente pilotadas que permitir\u00e1 operaciones continuas de m\u00e1s de 12 horas, transmitiendo en tiempo real im\u00e1genes de alta resoluci\u00f3n al Centro de Comando y Control del CACOM 7.<\/p>\n\n\n\n<p>El Plan Escudo tambi\u00e9n incluye sistemas de detecci\u00f3n e inhibici\u00f3n de drones, asegurando una supervisi\u00f3n constante sobre las \u00e1reas clave y sus alrededores. Este enfoque integral no solo refuerza la seguridad del evento, sino que tambi\u00e9n facilitar\u00e1 la toma de decisiones estrat\u00e9gicas por parte del alto mando militar, creando un ambiente propicio para el di\u00e1logo internacional.<\/p>\n\n\n\n<figure class=\"wp-block-image size-large\"><img loading=\"lazy\" decoding=\"async\" width=\"1024\" height=\"575\" src=\"https:\/\/cnctulua.tv\/wp-content\/uploads\/2024\/10\/WhatsApp-Image-2024-10-12-at-7.23.03-PM-2-1024x575.jpeg\" alt=\"\" class=\"wp-image-24989\" srcset=\"https:\/\/cnctulua.tv\/wp-content\/uploads\/2024\/10\/WhatsApp-Image-2024-10-12-at-7.23.03-PM-2-1024x575.jpeg 1024w, https:\/\/cnctulua.tv\/wp-content\/uploads\/2024\/10\/WhatsApp-Image-2024-10-12-at-7.23.03-PM-2-300x168.jpeg 300w, https:\/\/cnctulua.tv\/wp-content\/uploads\/2024\/10\/WhatsApp-Image-2024-10-12-at-7.23.03-PM-2-768x431.jpeg 768w, https:\/\/cnctulua.tv\/wp-content\/uploads\/2024\/10\/WhatsApp-Image-2024-10-12-at-7.23.03-PM-2-1536x862.jpeg 1536w, https:\/\/cnctulua.tv\/wp-content\/uploads\/2024\/10\/WhatsApp-Image-2024-10-12-at-7.23.03-PM-2.jpeg 1600w\" sizes=\"auto, (max-width: 1024px) 100vw, 1024px\" \/><\/figure>\n\n\n\n<p>La COP 16 es una plataforma crucial para abordar desaf\u00edos ambientales, y la Fuerza A\u00e9rea Colombiana se compromete a ofrecer a los delegados de todo el mundo y a la ciudadan\u00eda un entorno seguro que favorezca la cooperaci\u00f3n y el intercambio de ideas sobre la biodiversidad y el cambio clim\u00e1tico. Con el Plan Escudo, la FAC demuestra su capacidad y compromiso en la protecci\u00f3n de este importante evento internacional.<\/p>\n","protected":false},"excerpt":{"rendered":"<p>Con el objetivo de garantizar la seguridad durante la Conferencia de las Partes, COP 16, la Fuerza A\u00e9rea Colombiana (FAC) ha puesto en marcha el Plan Escudo, un despliegue operacional dise\u00f1ado para controlar el espacio a\u00e9reo de Santiago de Cali del 21 de octubre al 1 de noviembre. Este evento es fundamental en la lucha [&hellip;]<\/p>\n","protected":false},"author":4,"featured_media":24988,"comment_status":"open","ping_status":"open","sticky":false,"template":"","format":"video","meta":{"footnotes":""},"categories":[1],"tags":[],"class_list":["post-24976","post","type-post","status-publish","format-video","has-post-thumbnail","hentry","category-uncategorized","post_format-post-format-video"],"_links":{"self":[{"href":"https:\/\/cnctulua.tv\/index.php?rest_route=\/wp\/v2\/posts\/24976","targetHints":{"allow":["GET"]}}],"collection":[{"href":"https:\/\/cnctulua.tv\/index.php?rest_route=\/wp\/v2\/posts"}],"about":[{"href":"https:\/\/cnctulua.tv\/index.php?rest_route=\/wp\/v2\/types\/post"}],"author":[{"embeddable":true,"href":"https:\/\/cnctulua.tv\/index.php?rest_route=\/wp\/v2\/users\/4"}],"replies":[{"embeddable":true,"href":"https:\/\/cnctulua.tv\/index.php?rest_route=%2Fwp%2Fv2%2Fcomments&post=24976"}],"version-history":[{"count":1,"href":"https:\/\/cnctulua.tv\/index.php?rest_route=\/wp\/v2\/posts\/24976\/revisions"}],"predecessor-version":[{"id":25000,"href":"https:\/\/cnctulua.tv\/index.php?rest_route=\/wp\/v2\/posts\/24976\/revisions\/25000"}],"wp:featuredmedia":[{"embeddable":true,"href":"https:\/\/cnctulua.tv\/index.php?rest_route=\/wp\/v2\/media\/24988"}],"wp:attachment":[{"href":"https:\/\/cnctulua.tv\/index.php?rest_route=%2Fwp%2Fv2%2Fmedia&parent=24976"}],"wp:term":[{"taxonomy":"category","embeddable":true,"href":"https:\/\/cnctulua.tv\/index.php?rest_route=%2Fwp%2Fv2%2Fcategories&post=24976"},{"taxonomy":"post_tag","embeddable":true,"href":"https:\/\/cnctulua.tv\/index.php?rest_route=%2Fwp%2Fv2%2Ftags&post=24976"}],"curies":[{"name":"wp","href":"https:\/\/api.w.org\/{rel}","templated":true}]}}