{"id":24978,"date":"2024-10-15T15:20:48","date_gmt":"2024-10-15T15:20:48","guid":{"rendered":"https:\/\/cnctulua.tv\/?p=24978"},"modified":"2024-10-15T15:20:52","modified_gmt":"2024-10-15T15:20:52","slug":"capturan-un-hombre-en-tulua-por-delitos-sexuales-contra-un-menor","status":"publish","type":"post","link":"https:\/\/cnctulua.tv\/?p=24978","title":{"rendered":"CAPTURAN UN HOMBRE EN TULU\u00c1 POR DELITOS SEXUALES CONTRA UN MENOR"},"content":{"rendered":"\n<p>Un hombre de 36 a\u00f1os fue capturado en el centro de Tulu\u00e1 por orden judicial, acusado de actos sexuales con un menor de 14 a\u00f1os. La acci\u00f3n fue resultado de una investigaci\u00f3n conjunta entre la Polic\u00eda de Infancia y Adolescencia y la Fiscal\u00eda General de la Naci\u00f3n.<\/p>\n\n\n\n<p><\/p>\n\n\n\n<figure class=\"wp-block-embed is-type-video is-provider-youtube wp-block-embed-youtube wp-embed-aspect-16-9 wp-has-aspect-ratio\"><div class=\"wp-block-embed__wrapper\">\n<iframe loading=\"lazy\" title=\"Polic\u00eda de Infancia y Adolescencia Capturan a hombre en Tulu\u00e1 por presunto delito sexual.\" width=\"640\" height=\"360\" src=\"https:\/\/www.youtube.com\/embed\/Kl4KJ5DTRzk?feature=oembed\" frameborder=\"0\" allow=\"accelerometer; autoplay; clipboard-write; encrypted-media; gyroscope; picture-in-picture; web-share\" referrerpolicy=\"strict-origin-when-cross-origin\" allowfullscreen><\/iframe>\n<\/div><\/figure>\n\n\n\n<p>Seg\u00fan las investigaciones realizadas por las autoridades revel\u00f3 que el detenido hab\u00eda sostenido conversaciones por mensajer\u00eda instant\u00e1nea con una menor de 11 a\u00f1os, en las cuales, presuntamente, envi\u00f3 im\u00e1genes obscenas y realiz\u00f3 insinuaciones de tipo sexual en varias ocasiones.<\/p>\n","protected":false},"excerpt":{"rendered":"<p>Un hombre de 36 a\u00f1os fue capturado en el centro de Tulu\u00e1 por orden judicial, acusado de actos sexuales con un menor de 14 a\u00f1os. La acci\u00f3n fue resultado de una investigaci\u00f3n conjunta entre la Polic\u00eda de Infancia y Adolescencia y la Fiscal\u00eda General de la Naci\u00f3n. Seg\u00fan las investigaciones realizadas por las autoridades revel\u00f3 [&hellip;]<\/p>\n","protected":false},"author":4,"featured_media":24982,"comment_status":"open","ping_status":"open","sticky":false,"template":"","format":"video","meta":{"footnotes":""},"categories":[1],"tags":[],"class_list":["post-24978","post","type-post","status-publish","format-video","has-post-thumbnail","hentry","category-uncategorized","post_format-post-format-video"],"_links":{"self":[{"href":"https:\/\/cnctulua.tv\/index.php?rest_route=\/wp\/v2\/posts\/24978","targetHints":{"allow":["GET"]}}],"collection":[{"href":"https:\/\/cnctulua.tv\/index.php?rest_route=\/wp\/v2\/posts"}],"about":[{"href":"https:\/\/cnctulua.tv\/index.php?rest_route=\/wp\/v2\/types\/post"}],"author":[{"embeddable":true,"href":"https:\/\/cnctulua.tv\/index.php?rest_route=\/wp\/v2\/users\/4"}],"replies":[{"embeddable":true,"href":"https:\/\/cnctulua.tv\/index.php?rest_route=%2Fwp%2Fv2%2Fcomments&post=24978"}],"version-history":[{"count":1,"href":"https:\/\/cnctulua.tv\/index.php?rest_route=\/wp\/v2\/posts\/24978\/revisions"}],"predecessor-version":[{"id":24991,"href":"https:\/\/cnctulua.tv\/index.php?rest_route=\/wp\/v2\/posts\/24978\/revisions\/24991"}],"wp:featuredmedia":[{"embeddable":true,"href":"https:\/\/cnctulua.tv\/index.php?rest_route=\/wp\/v2\/media\/24982"}],"wp:attachment":[{"href":"https:\/\/cnctulua.tv\/index.php?rest_route=%2Fwp%2Fv2%2Fmedia&parent=24978"}],"wp:term":[{"taxonomy":"category","embeddable":true,"href":"https:\/\/cnctulua.tv\/index.php?rest_route=%2Fwp%2Fv2%2Fcategories&post=24978"},{"taxonomy":"post_tag","embeddable":true,"href":"https:\/\/cnctulua.tv\/index.php?rest_route=%2Fwp%2Fv2%2Ftags&post=24978"}],"curies":[{"name":"wp","href":"https:\/\/api.w.org\/{rel}","templated":true}]}}