{"id":24979,"date":"2024-10-15T16:10:39","date_gmt":"2024-10-15T16:10:39","guid":{"rendered":"https:\/\/cnctulua.tv\/?p=24979"},"modified":"2024-10-15T16:10:48","modified_gmt":"2024-10-15T16:10:48","slug":"capturan-a-alias-el-paisa-presunto-integrante-del-clan-del-golfo-vinculado-a-multiples-homicidios-en-valle-del-cauca","status":"publish","type":"post","link":"https:\/\/cnctulua.tv\/?p=24979","title":{"rendered":"CAPTURAN A ALIAS \u00abEL PAISA\u00bb, PRESUNTO INTEGRANTE DEL CLAN DEL GOLFO, VINCULADO A M\u00daLTIPLES HOMICIDIOS EN VALLE DEL CAUCA."},"content":{"rendered":"\n<p>En un esfuerzo coordinado entre el Ej\u00e9rcito Nacional y la Polic\u00eda Nacional, fue capturado alias \u201cel paisa\u201d, un hombre de 26 a\u00f1os se\u00f1alado de participar en una serie de homicidios vinculados a la subestructura frente Valle \u201cYeferson Madera Jim\u00e9nez\u201d del grupo armado organizado conocido como \u201cclan del golfo\u201d. La captura se llev\u00f3 a cabo por orden judicial, y el detenido enfrenta cargos por concierto para delinquir agravado, homicidio agravado y porte de armas de fuego.<\/p>\n\n\n\n<p><\/p>\n\n\n\n<figure class=\"wp-block-embed is-provider-youtube wp-block-embed-youtube\"><div class=\"wp-block-embed__wrapper\">\n<iframe loading=\"lazy\" title=\"En operativo conjunto capturan a alias \u201cel paisa\u201d por homicidios vinculados al \u201cclan del golfo\u201d.\" width=\"640\" height=\"360\" src=\"https:\/\/www.youtube.com\/embed\/2nI7MIRqJro?feature=oembed\" frameborder=\"0\" allow=\"accelerometer; autoplay; clipboard-write; encrypted-media; gyroscope; picture-in-picture; web-share\" referrerpolicy=\"strict-origin-when-cross-origin\" allowfullscreen><\/iframe>\n<\/div><\/figure>\n\n\n\n<p>La orden de captura est\u00e1 relacionada con la presunta participaci\u00f3n de alias \u201cel paisa\u201d en tres homicidios en modalidad de sicariato ocurridos recientemente en los municipios de Trujillo y Riofr\u00edo. Los casos son los siguientes:<\/p>\n\n\n\n<p>&#8211; 04 de abril de 2024: Luis Fernando T\u00e9llez Gallego, de 34 a\u00f1os, fue asesinado en el interior de la finca La Mar\u00eda, ubicada en la zona urbana de Trujillo.<\/p>\n\n\n\n<p>&#8211; 06 de mayo de 2024: Jaidiver Rivera Castrill\u00f3n, de 53 a\u00f1os, fue v\u00edctima de un ataque en la zona rural de Trujillo.<\/p>\n\n\n\n<p>&#8211; 06 de mayo de 2024: Santiago Fernando Guerrero Hern\u00e1ndez, de 21 a\u00f1os, fue asesinado en el sector del acueducto Acuavalle, en Riofr\u00edo.<\/p>\n\n\n\n<p>Tras su detenci\u00f3n, alias \u201cel paisa\u201d fue presentado ante las autoridades judiciales, quienes le impusieron medida de aseguramiento intramural.<\/p>\n\n\n\n<p>Esta captura se suma a una serie de operativos recientes. El 8 de agosto de 2024, se llevaron a cabo ocho diligencias de registro y allanamiento que resultaron en la captura de siete individuos, conocidos por los alias \u201cAleja\u201d, \u201cL\u00e1zaro\u201d, \u201cNegro\u201d, \u201cPepe\u201d, \u201cPantera\u201d, \u201cDilan\u201d y \u201cChucho\u201d. Estos sujetos est\u00e1n implicados en delitos de concierto para delinquir con fines de homicidio, porte de armas de fuego y el uso indebido de prendas privativas de las fuerzas militares.<\/p>\n","protected":false},"excerpt":{"rendered":"<p>En un esfuerzo coordinado entre el Ej\u00e9rcito Nacional y la Polic\u00eda Nacional, fue capturado alias \u201cel paisa\u201d, un hombre de 26 a\u00f1os se\u00f1alado de participar en una serie de homicidios vinculados a la subestructura frente Valle \u201cYeferson Madera Jim\u00e9nez\u201d del grupo armado organizado conocido como \u201cclan del golfo\u201d. La captura se llev\u00f3 a cabo por [&hellip;]<\/p>\n","protected":false},"author":4,"featured_media":24987,"comment_status":"open","ping_status":"open","sticky":false,"template":"","format":"video","meta":{"footnotes":""},"categories":[1],"tags":[],"class_list":["post-24979","post","type-post","status-publish","format-video","has-post-thumbnail","hentry","category-uncategorized","post_format-post-format-video"],"_links":{"self":[{"href":"https:\/\/cnctulua.tv\/index.php?rest_route=\/wp\/v2\/posts\/24979","targetHints":{"allow":["GET"]}}],"collection":[{"href":"https:\/\/cnctulua.tv\/index.php?rest_route=\/wp\/v2\/posts"}],"about":[{"href":"https:\/\/cnctulua.tv\/index.php?rest_route=\/wp\/v2\/types\/post"}],"author":[{"embeddable":true,"href":"https:\/\/cnctulua.tv\/index.php?rest_route=\/wp\/v2\/users\/4"}],"replies":[{"embeddable":true,"href":"https:\/\/cnctulua.tv\/index.php?rest_route=%2Fwp%2Fv2%2Fcomments&post=24979"}],"version-history":[{"count":2,"href":"https:\/\/cnctulua.tv\/index.php?rest_route=\/wp\/v2\/posts\/24979\/revisions"}],"predecessor-version":[{"id":24999,"href":"https:\/\/cnctulua.tv\/index.php?rest_route=\/wp\/v2\/posts\/24979\/revisions\/24999"}],"wp:featuredmedia":[{"embeddable":true,"href":"https:\/\/cnctulua.tv\/index.php?rest_route=\/wp\/v2\/media\/24987"}],"wp:attachment":[{"href":"https:\/\/cnctulua.tv\/index.php?rest_route=%2Fwp%2Fv2%2Fmedia&parent=24979"}],"wp:term":[{"taxonomy":"category","embeddable":true,"href":"https:\/\/cnctulua.tv\/index.php?rest_route=%2Fwp%2Fv2%2Fcategories&post=24979"},{"taxonomy":"post_tag","embeddable":true,"href":"https:\/\/cnctulua.tv\/index.php?rest_route=%2Fwp%2Fv2%2Ftags&post=24979"}],"curies":[{"name":"wp","href":"https:\/\/api.w.org\/{rel}","templated":true}]}}