{"id":24983,"date":"2024-10-15T17:51:43","date_gmt":"2024-10-15T17:51:43","guid":{"rendered":"https:\/\/cnctulua.tv\/?p=24983"},"modified":"2024-10-15T17:51:48","modified_gmt":"2024-10-15T17:51:48","slug":"comienza-la-intervencion-vial-que-beneficiara-el-barrio-san-luis-y-flor-de-la-campana","status":"publish","type":"post","link":"https:\/\/cnctulua.tv\/?p=24983","title":{"rendered":"COMIENZA LA INTERVENCI\u00d3N VIAL QUE BENEFICIARA EL BARRIO SAN LUIS Y FLOR DE LA CAMPANA."},"content":{"rendered":"\n<p>En los Barrios San Luis y Flor de la Campana ha dado un paso importante hacia la mejora de su infraestructura vial con el inicio de una esperada intervenci\u00f3n en la calle principal de la comunidad. Gerardo Antonio Ortiz Henao, un residente del sector, ha compartido su satisfacci\u00f3n por el comienzo de estas obras, que considera necesarias desde hace a\u00f1os.<\/p>\n\n\n\n<p><\/p>\n\n\n\n<figure class=\"wp-block-embed is-type-video is-provider-youtube wp-block-embed-youtube wp-embed-aspect-16-9 wp-has-aspect-ratio\"><div class=\"wp-block-embed__wrapper\">\n<iframe loading=\"lazy\" title=\"Opiniones de la comunidad sobre la nueva intervenci\u00f3n vial en Tulu\u00e1.\" width=\"640\" height=\"360\" src=\"https:\/\/www.youtube.com\/embed\/xTfO8A6Cnh4?feature=oembed\" frameborder=\"0\" allow=\"accelerometer; autoplay; clipboard-write; encrypted-media; gyroscope; picture-in-picture; web-share\" referrerpolicy=\"strict-origin-when-cross-origin\" allowfullscreen><\/iframe>\n<\/div><\/figure>\n\n\n\n<p>Ortiz agradeci\u00f3 a la administraci\u00f3n municipal, encabezada por el alcalde Gustavo V\u00e9lez, as\u00ed como a INFITULUA EICE, por la rapidez con la que se est\u00e1n ejecutando los trabajos. \u201cLos habitantes de esta zona necesit\u00e1bamos esta intervenci\u00f3n desde hac\u00eda muchos a\u00f1os\u201d, afirm\u00f3.<\/p>\n\n\n\n\n\n<p>Durante la conversaci\u00f3n, Ortiz destac\u00f3 que la comunidad ha estado solicitando mejoras en la v\u00eda durante 17 a\u00f1os. Aunque \u00e9l lleva tres a\u00f1os y medio en el barrio, ha sido testigo de los problemas de salud que enfrentan los residentes, especialmente relacionados con dificultades respiratorias.<\/p>\n\n\n\n<p>La intervenci\u00f3n no solo beneficiar\u00e1 a los habitantes del barrio, sino tambi\u00e9n a los estudiantes de la nueva sede central de la instituci\u00f3n educativa Juan Mar\u00eda C\u00e9spedes. Ortiz subray\u00f3 que \u201cla comunidad educativa ser\u00e1 la m\u00e1s beneficiada, pero nosotros tambi\u00e9n\u201d, refiri\u00e9ndose a la expectativa de una mejora en la calidad de vida.<\/p>\n\n\n\n<p>Con el inicio de estas obras, los residentes del <a>barrio Flor de la Campana <\/a>ven una luz de esperanza para un entorno m\u00e1s saludable y seguro. Se espera que la intervenci\u00f3n tenga un impacto positivo en la comunidad, marcando el inicio de un cambio significativo.<\/p>\n","protected":false},"excerpt":{"rendered":"<p>En los Barrios San Luis y Flor de la Campana ha dado un paso importante hacia la mejora de su infraestructura vial con el inicio de una esperada intervenci\u00f3n en la calle principal de la comunidad. Gerardo Antonio Ortiz Henao, un residente del sector, ha compartido su satisfacci\u00f3n por el comienzo de estas obras, que [&hellip;]<\/p>\n","protected":false},"author":4,"featured_media":24996,"comment_status":"open","ping_status":"open","sticky":false,"template":"","format":"video","meta":{"footnotes":""},"categories":[1],"tags":[],"class_list":["post-24983","post","type-post","status-publish","format-video","has-post-thumbnail","hentry","category-uncategorized","post_format-post-format-video"],"_links":{"self":[{"href":"https:\/\/cnctulua.tv\/index.php?rest_route=\/wp\/v2\/posts\/24983","targetHints":{"allow":["GET"]}}],"collection":[{"href":"https:\/\/cnctulua.tv\/index.php?rest_route=\/wp\/v2\/posts"}],"about":[{"href":"https:\/\/cnctulua.tv\/index.php?rest_route=\/wp\/v2\/types\/post"}],"author":[{"embeddable":true,"href":"https:\/\/cnctulua.tv\/index.php?rest_route=\/wp\/v2\/users\/4"}],"replies":[{"embeddable":true,"href":"https:\/\/cnctulua.tv\/index.php?rest_route=%2Fwp%2Fv2%2Fcomments&post=24983"}],"version-history":[{"count":2,"href":"https:\/\/cnctulua.tv\/index.php?rest_route=\/wp\/v2\/posts\/24983\/revisions"}],"predecessor-version":[{"id":25028,"href":"https:\/\/cnctulua.tv\/index.php?rest_route=\/wp\/v2\/posts\/24983\/revisions\/25028"}],"wp:featuredmedia":[{"embeddable":true,"href":"https:\/\/cnctulua.tv\/index.php?rest_route=\/wp\/v2\/media\/24996"}],"wp:attachment":[{"href":"https:\/\/cnctulua.tv\/index.php?rest_route=%2Fwp%2Fv2%2Fmedia&parent=24983"}],"wp:term":[{"taxonomy":"category","embeddable":true,"href":"https:\/\/cnctulua.tv\/index.php?rest_route=%2Fwp%2Fv2%2Fcategories&post=24983"},{"taxonomy":"post_tag","embeddable":true,"href":"https:\/\/cnctulua.tv\/index.php?rest_route=%2Fwp%2Fv2%2Ftags&post=24983"}],"curies":[{"name":"wp","href":"https:\/\/api.w.org\/{rel}","templated":true}]}}