{"id":25048,"date":"2024-10-16T17:38:58","date_gmt":"2024-10-16T17:38:58","guid":{"rendered":"https:\/\/cnctulua.tv\/?p=25048"},"modified":"2024-10-16T19:37:13","modified_gmt":"2024-10-16T19:37:13","slug":"el-coliseo-de-ferias-de-tulua-se-consolida-como-centro-cultural-en-tulua","status":"publish","type":"post","link":"https:\/\/cnctulua.tv\/?p=25048","title":{"rendered":"EL COLISEO DE FERIAS DE TULU\u00c1 SE CONSOLIDA COMO CENTRO CULTURAL EN TULU\u00c1."},"content":{"rendered":"\n<p>El Coliseo de Ferias de Tulu\u00e1 se prepara para convertirse en un importante punto de encuentro cultural, tras un convenio interadministrativo entre la Casa de la Cultura e Infitulua. Este acuerdo tiene como objetivo principal revitalizar el espacio y fomentar las expresiones art\u00edsticas y culturales en la comunidad.<\/p>\n\n\n\n<p><\/p>\n\n\n\n<figure class=\"wp-block-embed is-type-video is-provider-youtube wp-block-embed-youtube wp-embed-aspect-16-9 wp-has-aspect-ratio\"><div class=\"wp-block-embed__wrapper\">\n<iframe loading=\"lazy\" title=\"Coliseo de Ferias de Tulu\u00e1: Un epicentro cultural y gastron\u00f3mico.\" width=\"640\" height=\"360\" src=\"https:\/\/www.youtube.com\/embed\/_0KGS9evj2U?feature=oembed\" frameborder=\"0\" allow=\"accelerometer; autoplay; clipboard-write; encrypted-media; gyroscope; picture-in-picture; web-share\" referrerpolicy=\"strict-origin-when-cross-origin\" allowfullscreen><\/iframe>\n<\/div><\/figure>\n\n\n\n<p>Germ\u00e1n Marulanda, gerente del Coliseo, destac\u00f3 que el convenio busca promover el arte y la cultura local, proporcionando un escenario adecuado para diversas actividades. Entre las propuestas que se llevar\u00e1n a cabo se incluyen ferias gastron\u00f3micas, exposiciones de pintura, presentaciones de danza y eventos musicales, destinados a ni\u00f1os y j\u00f3venes del municipio.<\/p>\n\n\n\n<p>Con el Coliseo como epicentro de estas iniciativas, la administraci\u00f3n municipal busca no solo ofrecer entretenimiento, sino tambi\u00e9n aprovechar el tiempo libre de los j\u00f3venes, promoviendo la creatividad y la colaboraci\u00f3n entre diferentes sectores de la comunidad. Marulanda enfatiz\u00f3 que el coliseo volver\u00e1 a ser un lugar de encuentro significativo, apoyado por diversas instituciones.<\/p>\n\n\n\n<p>En los pr\u00f3ximos meses, se anticipa una variada agenda cultural, que incluir\u00e1 eventos gastron\u00f3micos, conciertos y muestras empresariales, adem\u00e1s de actividades acad\u00e9micas con instituciones educativas locales. Esta programaci\u00f3n busca fortalecer el v\u00ednculo entre la cultura y la educaci\u00f3n, integrando a la comunidad en un esfuerzo conjunto.<\/p>\n\n\n\n<p>El proceso de renovaci\u00f3n del Coliseo de Ferias avanza con buen pie, y se espera que esta revitalizaci\u00f3n no solo beneficie a los artistas y emprendedores locales, sino que tambi\u00e9n enriquezca la vida cultural de Tulu\u00e1 en su conjunto.<\/p>\n","protected":false},"excerpt":{"rendered":"<p>El Coliseo de Ferias de Tulu\u00e1 se prepara para convertirse en un importante punto de encuentro cultural, tras un convenio interadministrativo entre la Casa de la Cultura e Infitulua. Este acuerdo tiene como objetivo principal revitalizar el espacio y fomentar las expresiones art\u00edsticas y culturales en la comunidad. Germ\u00e1n Marulanda, gerente del Coliseo, destac\u00f3 que [&hellip;]<\/p>\n","protected":false},"author":4,"featured_media":25122,"comment_status":"open","ping_status":"open","sticky":false,"template":"","format":"video","meta":{"footnotes":""},"categories":[1],"tags":[],"class_list":["post-25048","post","type-post","status-publish","format-video","has-post-thumbnail","hentry","category-uncategorized","post_format-post-format-video"],"_links":{"self":[{"href":"https:\/\/cnctulua.tv\/index.php?rest_route=\/wp\/v2\/posts\/25048","targetHints":{"allow":["GET"]}}],"collection":[{"href":"https:\/\/cnctulua.tv\/index.php?rest_route=\/wp\/v2\/posts"}],"about":[{"href":"https:\/\/cnctulua.tv\/index.php?rest_route=\/wp\/v2\/types\/post"}],"author":[{"embeddable":true,"href":"https:\/\/cnctulua.tv\/index.php?rest_route=\/wp\/v2\/users\/4"}],"replies":[{"embeddable":true,"href":"https:\/\/cnctulua.tv\/index.php?rest_route=%2Fwp%2Fv2%2Fcomments&post=25048"}],"version-history":[{"count":1,"href":"https:\/\/cnctulua.tv\/index.php?rest_route=\/wp\/v2\/posts\/25048\/revisions"}],"predecessor-version":[{"id":25123,"href":"https:\/\/cnctulua.tv\/index.php?rest_route=\/wp\/v2\/posts\/25048\/revisions\/25123"}],"wp:featuredmedia":[{"embeddable":true,"href":"https:\/\/cnctulua.tv\/index.php?rest_route=\/wp\/v2\/media\/25122"}],"wp:attachment":[{"href":"https:\/\/cnctulua.tv\/index.php?rest_route=%2Fwp%2Fv2%2Fmedia&parent=25048"}],"wp:term":[{"taxonomy":"category","embeddable":true,"href":"https:\/\/cnctulua.tv\/index.php?rest_route=%2Fwp%2Fv2%2Fcategories&post=25048"},{"taxonomy":"post_tag","embeddable":true,"href":"https:\/\/cnctulua.tv\/index.php?rest_route=%2Fwp%2Fv2%2Ftags&post=25048"}],"curies":[{"name":"wp","href":"https:\/\/api.w.org\/{rel}","templated":true}]}}