{"id":25050,"date":"2024-10-16T17:11:23","date_gmt":"2024-10-16T17:11:23","guid":{"rendered":"https:\/\/cnctulua.tv\/?p=25050"},"modified":"2024-10-16T17:11:41","modified_gmt":"2024-10-16T17:11:41","slug":"capturan-a-kevin-david-largo-trochez-alias-kevin-tercer-cabecilla-de-disidencia-de-las-farc-en-el-valle-del-cauca","status":"publish","type":"post","link":"https:\/\/cnctulua.tv\/?p=25050","title":{"rendered":"CAPTURAN A KEVIN DAVID LARGO TROCHEZ, ALIAS \u00abKEVIN\u00bb, TERCER CABECILLA DE DISIDENCIA DE LAS FARC EN EL VALLE DEL CAUCA."},"content":{"rendered":"\n<p>En un esfuerzo coordinado entre las autoridades, fue capturado Kevin David Largo Trochez, conocido como \u00abKevin\u00bb, considerado el tercer cabecilla de la disidencia de las Fuerzas Armadas Revolucionarias de Colombia (FARC), espec\u00edficamente del grupo denominado EMC CM. La detenci\u00f3n se llev\u00f3 a cabo en la v\u00eda p\u00fablica en Dagua, donde, seg\u00fan informaron las autoridades, el detenido estaba realizando labores de inteligencia para planificar atentados terroristas y secuestros selectivos.<\/p>\n\n\n\n<p><\/p>\n\n\n\n<figure class=\"wp-block-embed is-type-video is-provider-youtube wp-block-embed-youtube wp-embed-aspect-16-9 wp-has-aspect-ratio\"><div class=\"wp-block-embed__wrapper\">\n<iframe loading=\"lazy\" title=\"En Valle del Cauca Capturan Cabecilla de Disidencia de las FARC\" width=\"640\" height=\"360\" src=\"https:\/\/www.youtube.com\/embed\/l0ndjGZzkls?feature=oembed\" frameborder=\"0\" allow=\"accelerometer; autoplay; clipboard-write; encrypted-media; gyroscope; picture-in-picture; web-share\" referrerpolicy=\"strict-origin-when-cross-origin\" allowfullscreen><\/iframe>\n<\/div><\/figure>\n\n\n\n<p>El Coronel Giovanni Cristancho Zambrano, Comandante del Departamento de Polic\u00eda Valle, destac\u00f3 la importancia de esta captura, enfatizando que \u00abfue necesario considerarlo como objetivo priorizado por la Direcci\u00f3n de Inteligencia Policial\u00bb.<\/p>\n\n\n\n<p>Largo Trochez, requerido judicialmente por los delitos de secuestro extorsivo, concierto para delinquir agravado y homicidio agravado, cuenta con un historial criminal de tres a\u00f1os. Originario del departamento del Cauca, se presume que recibi\u00f3 instrucci\u00f3n del Estado Mayor Central en el manejo de armas y explosivos, lo que le permiti\u00f3 liderar operaciones en la regi\u00f3n de Dagua en colaboraci\u00f3n con alias \u00abBairon\u00bb, otro cabecilla de la disidencia.<\/p>\n\n\n\n<p>Las investigaciones apuntan a que \u00abKevin\u00bb desempe\u00f1aba un papel crucial en la organizaci\u00f3n, encarg\u00e1ndose de la supervisi\u00f3n de actividades delictivas y participando en retenes ilegales en el corregimiento de El Queremal. Adem\u00e1s, se le vincula con el secuestro del Patrullero de la Polic\u00eda Eleazar Smith Vargas en abril de 2022 y con el secuestro y posterior homicidio de Shelsy Alejandra Carrillo.<\/p>\n\n\n\n<p>Tras su captura, \u00abKevin\u00bb fue presentado ante un juez de control de garant\u00edas, quien le impuso medida de aseguramiento en un centro carcelario, donde deber\u00e1 responder por los delitos que se le imputan.<\/p>\n","protected":false},"excerpt":{"rendered":"<p>En un esfuerzo coordinado entre las autoridades, fue capturado Kevin David Largo Trochez, conocido como \u00abKevin\u00bb, considerado el tercer cabecilla de la disidencia de las Fuerzas Armadas Revolucionarias de Colombia (FARC), espec\u00edficamente del grupo denominado EMC CM. La detenci\u00f3n se llev\u00f3 a cabo en la v\u00eda p\u00fablica en Dagua, donde, seg\u00fan informaron las autoridades, el [&hellip;]<\/p>\n","protected":false},"author":4,"featured_media":25065,"comment_status":"open","ping_status":"open","sticky":false,"template":"","format":"video","meta":{"footnotes":""},"categories":[1],"tags":[],"class_list":["post-25050","post","type-post","status-publish","format-video","has-post-thumbnail","hentry","category-uncategorized","post_format-post-format-video"],"_links":{"self":[{"href":"https:\/\/cnctulua.tv\/index.php?rest_route=\/wp\/v2\/posts\/25050","targetHints":{"allow":["GET"]}}],"collection":[{"href":"https:\/\/cnctulua.tv\/index.php?rest_route=\/wp\/v2\/posts"}],"about":[{"href":"https:\/\/cnctulua.tv\/index.php?rest_route=\/wp\/v2\/types\/post"}],"author":[{"embeddable":true,"href":"https:\/\/cnctulua.tv\/index.php?rest_route=\/wp\/v2\/users\/4"}],"replies":[{"embeddable":true,"href":"https:\/\/cnctulua.tv\/index.php?rest_route=%2Fwp%2Fv2%2Fcomments&post=25050"}],"version-history":[{"count":2,"href":"https:\/\/cnctulua.tv\/index.php?rest_route=\/wp\/v2\/posts\/25050\/revisions"}],"predecessor-version":[{"id":25091,"href":"https:\/\/cnctulua.tv\/index.php?rest_route=\/wp\/v2\/posts\/25050\/revisions\/25091"}],"wp:featuredmedia":[{"embeddable":true,"href":"https:\/\/cnctulua.tv\/index.php?rest_route=\/wp\/v2\/media\/25065"}],"wp:attachment":[{"href":"https:\/\/cnctulua.tv\/index.php?rest_route=%2Fwp%2Fv2%2Fmedia&parent=25050"}],"wp:term":[{"taxonomy":"category","embeddable":true,"href":"https:\/\/cnctulua.tv\/index.php?rest_route=%2Fwp%2Fv2%2Fcategories&post=25050"},{"taxonomy":"post_tag","embeddable":true,"href":"https:\/\/cnctulua.tv\/index.php?rest_route=%2Fwp%2Fv2%2Ftags&post=25050"}],"curies":[{"name":"wp","href":"https:\/\/api.w.org\/{rel}","templated":true}]}}