{"id":25056,"date":"2024-10-16T16:57:54","date_gmt":"2024-10-16T16:57:54","guid":{"rendered":"https:\/\/cnctulua.tv\/?p=25056"},"modified":"2024-10-16T17:11:17","modified_gmt":"2024-10-16T17:11:17","slug":"en-operativo-contra-el-narcotrafico-capturado-presunto-explosivista-de-disidencias-de-las-farc-en-valle-del-cauca","status":"publish","type":"post","link":"https:\/\/cnctulua.tv\/?p=25056","title":{"rendered":"EN OPERATIVO CONTRA EL NARCOTR\u00c1FICO CAPTURADO PRESUNTO EXPLOSIVISTA DE DISIDENCIAS DE LAS FARC EN VALLE DEL CAUCA."},"content":{"rendered":"\n<p>En una operaci\u00f3n coordinada por la Fiscal\u00eda General de la Naci\u00f3n y la Polic\u00eda Nacional, fue capturado Edinson Faber Ascu\u00e9 Hilamo, conocido como alias \u00abEdwin\u00bb, presunto explosivista de las disidencias de las FARC lideradas por Carlos Pati\u00f1o. La judicializaci\u00f3n de este individuo se fundamenta en un robusto material probatorio que lo vincula a m\u00faltiples actividades delictivas en los departamentos de Valle del Cauca y Cauca.<\/p>\n\n\n\n<p><\/p>\n\n\n\n<figure class=\"wp-block-embed is-provider-youtube wp-block-embed-youtube\"><div class=\"wp-block-embed__wrapper\">\n<iframe loading=\"lazy\" title=\"En operativo conjunto capturan a alias &quot;Edwin&quot;, presunto explosivista de disidencias de las FARC.\" width=\"640\" height=\"360\" src=\"https:\/\/www.youtube.com\/embed\/Jw7iS6600G4?feature=oembed\" frameborder=\"0\" allow=\"accelerometer; autoplay; clipboard-write; encrypted-media; gyroscope; picture-in-picture; web-share\" referrerpolicy=\"strict-origin-when-cross-origin\" allowfullscreen><\/iframe>\n<\/div><\/figure>\n\n\n\n<p>Las investigaciones revelan que, el pasado 17 de abril, \u00abEdwin\u00bb habr\u00eda dirigido un ataque contra una base del Ej\u00e9rcito Nacional en El Plateado, Argelia, donde muri\u00f3 el soldado profesional Diego Armado Zambrano Gonz\u00e1lez y tres uniformados resultaron heridos debido a explosiones de morteros y tatucos.<\/p>\n\n\n\n<p>Por estos hechos, la Fiscal\u00eda ha imputado a Ascu\u00e9 Hilamo con delitos de homicidio agravado, tentativa de homicidio, concierto para delinquir agravado, as\u00ed como fabricaci\u00f3n, tr\u00e1fico y porte de armas de uso privativo de las Fuerzas Armadas o explosivos. Se ha determinado que antes de unirse a la disidencia de Carlos Pati\u00f1o, \u00abEdwin\u00bb integr\u00f3 la disidencia residual Dagoberto Ramos, donde supuestamente prepar\u00f3 artefactos explosivos dirigidos contra la fuerza p\u00fablica.<\/p>\n\n\n\n<p>La captura se llev\u00f3 a cabo en un allanamiento en el barrio La Floresta, al oriente de la ciudad, a donde \u00abEdwin\u00bb hab\u00eda llegado el 8 de octubre. Durante el mismo operativo, tambi\u00e9n fue detenido Jes\u00fas Edils\u00f3n Polindara Bermeo, quien enfrenta cargos por tr\u00e1fico y porte de estupefacientes. Un juez penal con control de garant\u00edas aval\u00f3 las imputaciones, imponiendo a ambos la medida de aseguramiento en un centro carcelario.<\/p>\n","protected":false},"excerpt":{"rendered":"<p>En una operaci\u00f3n coordinada por la Fiscal\u00eda General de la Naci\u00f3n y la Polic\u00eda Nacional, fue capturado Edinson Faber Ascu\u00e9 Hilamo, conocido como alias \u00abEdwin\u00bb, presunto explosivista de las disidencias de las FARC lideradas por Carlos Pati\u00f1o. La judicializaci\u00f3n de este individuo se fundamenta en un robusto material probatorio que lo vincula a m\u00faltiples actividades [&hellip;]<\/p>\n","protected":false},"author":4,"featured_media":25086,"comment_status":"open","ping_status":"open","sticky":false,"template":"","format":"video","meta":{"footnotes":""},"categories":[1],"tags":[],"class_list":["post-25056","post","type-post","status-publish","format-video","has-post-thumbnail","hentry","category-uncategorized","post_format-post-format-video"],"_links":{"self":[{"href":"https:\/\/cnctulua.tv\/index.php?rest_route=\/wp\/v2\/posts\/25056","targetHints":{"allow":["GET"]}}],"collection":[{"href":"https:\/\/cnctulua.tv\/index.php?rest_route=\/wp\/v2\/posts"}],"about":[{"href":"https:\/\/cnctulua.tv\/index.php?rest_route=\/wp\/v2\/types\/post"}],"author":[{"embeddable":true,"href":"https:\/\/cnctulua.tv\/index.php?rest_route=\/wp\/v2\/users\/4"}],"replies":[{"embeddable":true,"href":"https:\/\/cnctulua.tv\/index.php?rest_route=%2Fwp%2Fv2%2Fcomments&post=25056"}],"version-history":[{"count":3,"href":"https:\/\/cnctulua.tv\/index.php?rest_route=\/wp\/v2\/posts\/25056\/revisions"}],"predecessor-version":[{"id":25088,"href":"https:\/\/cnctulua.tv\/index.php?rest_route=\/wp\/v2\/posts\/25056\/revisions\/25088"}],"wp:featuredmedia":[{"embeddable":true,"href":"https:\/\/cnctulua.tv\/index.php?rest_route=\/wp\/v2\/media\/25086"}],"wp:attachment":[{"href":"https:\/\/cnctulua.tv\/index.php?rest_route=%2Fwp%2Fv2%2Fmedia&parent=25056"}],"wp:term":[{"taxonomy":"category","embeddable":true,"href":"https:\/\/cnctulua.tv\/index.php?rest_route=%2Fwp%2Fv2%2Fcategories&post=25056"},{"taxonomy":"post_tag","embeddable":true,"href":"https:\/\/cnctulua.tv\/index.php?rest_route=%2Fwp%2Fv2%2Ftags&post=25056"}],"curies":[{"name":"wp","href":"https:\/\/api.w.org\/{rel}","templated":true}]}}