{"id":25096,"date":"2024-10-16T19:05:52","date_gmt":"2024-10-16T19:05:52","guid":{"rendered":"https:\/\/cnctulua.tv\/?p=25096"},"modified":"2024-10-16T19:05:56","modified_gmt":"2024-10-16T19:05:56","slug":"la-comunidad-de-san-pedro-enfrenta-inundaciones-y-exige-soluciones-urgentes","status":"publish","type":"post","link":"https:\/\/cnctulua.tv\/?p=25096","title":{"rendered":"LA COMUNIDAD DE SAN PEDRO ENFRENTA INUNDACIONES Y EXIGE SOLUCIONES URGENTES."},"content":{"rendered":"\n<p>Javier Velasco Pedroza, l\u00edder social del municipio, se pronunci\u00f3 sobre la cr\u00edtica situaci\u00f3n de inundaciones que afecta a varias comunidades, destacando la urgencia de acciones efectivas por parte de las autoridades. En una entrevista reciente, Velasco enfatiz\u00f3: \u201cEl barrio Herrera y el sector de las Ag\u00fcitas son algunos de los m\u00e1s afectados, especialmente porque est\u00e1n muy cerca de la quebrada\u201d.<\/p>\n\n\n\n<p><\/p>\n\n\n\n<figure class=\"wp-block-embed is-type-video is-provider-youtube wp-block-embed-youtube wp-embed-aspect-16-9 wp-has-aspect-ratio\"><div class=\"wp-block-embed__wrapper\">\n<iframe loading=\"lazy\" title=\"Crisis de Inundaciones en EL MUNICIPIO DE San Pedro: Un Llamado Urgente a la Acci\u00f3n.\" width=\"640\" height=\"360\" src=\"https:\/\/www.youtube.com\/embed\/tk9KjBI-vB8?feature=oembed\" frameborder=\"0\" allow=\"accelerometer; autoplay; clipboard-write; encrypted-media; gyroscope; picture-in-picture; web-share\" referrerpolicy=\"strict-origin-when-cross-origin\" allowfullscreen><\/iframe>\n<\/div><\/figure>\n\n\n\n<p>La crisis se ha intensificado debido a la falta de respuesta ante la acci\u00f3n popular instaurada para abordar el problema. Seg\u00fan Velasco, \u201cse tomaron dos v\u00edas: la b\u00fasqueda de voluntad pol\u00edtica de la se\u00f1ora gobernadora Clara Luz Roldan, y ante la falta de respuesta, se llev\u00f3 a cabo la acci\u00f3n popular\u201d. A pesar de que ya existe una sentencia favorable del juzgado de Buga que ordena la construcci\u00f3n de un puente para mitigar las inundaciones, la situaci\u00f3n sigue siendo cr\u00edtica.<\/p>\n\n\n\n<p>Velasco subray\u00f3 la importancia de actuar antes de la llegada de las lluvias, advirtiendo sobre los riesgos que implicar\u00eda otra inundaci\u00f3n similar a la que ocurri\u00f3 en 2023. \u201cSi vuelve a haber otra inundaci\u00f3n, especialmente en horas de la noche, podr\u00eda haber v\u00edctimas humanas\u201d, alert\u00f3. Hizo un llamado tanto a la gobernadora como a la comunidad para que se involucre en este proceso, resaltando que \u201csin el apoyo y el acompa\u00f1amiento de la comunidad, hay riesgo de perder la acci\u00f3n popular\u201d.<\/p>\n\n\n\n<figure class=\"wp-block-image size-large\"><img loading=\"lazy\" decoding=\"async\" width=\"1024\" height=\"599\" src=\"https:\/\/cnctulua.tv\/wp-content\/uploads\/2024\/10\/problematic-SAN-PEDRO-1024x599.png\" alt=\"\" class=\"wp-image-25098\" srcset=\"https:\/\/cnctulua.tv\/wp-content\/uploads\/2024\/10\/problematic-SAN-PEDRO-1024x599.png 1024w, https:\/\/cnctulua.tv\/wp-content\/uploads\/2024\/10\/problematic-SAN-PEDRO-300x175.png 300w, https:\/\/cnctulua.tv\/wp-content\/uploads\/2024\/10\/problematic-SAN-PEDRO-768x449.png 768w, https:\/\/cnctulua.tv\/wp-content\/uploads\/2024\/10\/problematic-SAN-PEDRO.png 1055w\" sizes=\"auto, (max-width: 1024px) 100vw, 1024px\" \/><\/figure>\n\n\n\n<p>La gobernaci\u00f3n ha apelado la sentencia, lo que ha llevado el caso al tribunal en Cali. \u201cNecesitamos que la gobernadora no nos siga dilatando y que la comunidad apoye este proceso\u201d, inst\u00f3 Velasco. Reiter\u00f3 que el tema no es solo un asunto local, sino que impacta a todo el pa\u00eds: \u201cCada vez que hay un problema, el transporte en la doble calzada se frena. Es una v\u00eda crucial no solo para San Pedro, sino para la naci\u00f3n\u201d.<\/p>\n\n\n\n<p>Finalmente, Velasco hizo un llamado a los l\u00edderes pol\u00edticos del municipio: \u201cEs fundamental que se manifiesten y hablen con la gobernadora. Su apoyo podr\u00eda ser decisivo para acelerar las soluciones que tanto necesita la comunidad\u201d.<\/p>\n\n\n\n<p>La situaci\u00f3n es cr\u00edtica y el tiempo apremia. La comunidad de San Pedro espera respuestas concretas y un compromiso real para evitar una tragedia que, lamentablemente, podr\u00eda ser evitable.<\/p>\n","protected":false},"excerpt":{"rendered":"<p>Javier Velasco Pedroza, l\u00edder social del municipio, se pronunci\u00f3 sobre la cr\u00edtica situaci\u00f3n de inundaciones que afecta a varias comunidades, destacando la urgencia de acciones efectivas por parte de las autoridades. En una entrevista reciente, Velasco enfatiz\u00f3: \u201cEl barrio Herrera y el sector de las Ag\u00fcitas son algunos de los m\u00e1s afectados, especialmente porque est\u00e1n [&hellip;]<\/p>\n","protected":false},"author":4,"featured_media":25097,"comment_status":"open","ping_status":"open","sticky":false,"template":"","format":"video","meta":{"footnotes":""},"categories":[1],"tags":[],"class_list":["post-25096","post","type-post","status-publish","format-video","has-post-thumbnail","hentry","category-uncategorized","post_format-post-format-video"],"_links":{"self":[{"href":"https:\/\/cnctulua.tv\/index.php?rest_route=\/wp\/v2\/posts\/25096","targetHints":{"allow":["GET"]}}],"collection":[{"href":"https:\/\/cnctulua.tv\/index.php?rest_route=\/wp\/v2\/posts"}],"about":[{"href":"https:\/\/cnctulua.tv\/index.php?rest_route=\/wp\/v2\/types\/post"}],"author":[{"embeddable":true,"href":"https:\/\/cnctulua.tv\/index.php?rest_route=\/wp\/v2\/users\/4"}],"replies":[{"embeddable":true,"href":"https:\/\/cnctulua.tv\/index.php?rest_route=%2Fwp%2Fv2%2Fcomments&post=25096"}],"version-history":[{"count":1,"href":"https:\/\/cnctulua.tv\/index.php?rest_route=\/wp\/v2\/posts\/25096\/revisions"}],"predecessor-version":[{"id":25120,"href":"https:\/\/cnctulua.tv\/index.php?rest_route=\/wp\/v2\/posts\/25096\/revisions\/25120"}],"wp:featuredmedia":[{"embeddable":true,"href":"https:\/\/cnctulua.tv\/index.php?rest_route=\/wp\/v2\/media\/25097"}],"wp:attachment":[{"href":"https:\/\/cnctulua.tv\/index.php?rest_route=%2Fwp%2Fv2%2Fmedia&parent=25096"}],"wp:term":[{"taxonomy":"category","embeddable":true,"href":"https:\/\/cnctulua.tv\/index.php?rest_route=%2Fwp%2Fv2%2Fcategories&post=25096"},{"taxonomy":"post_tag","embeddable":true,"href":"https:\/\/cnctulua.tv\/index.php?rest_route=%2Fwp%2Fv2%2Ftags&post=25096"}],"curies":[{"name":"wp","href":"https:\/\/api.w.org\/{rel}","templated":true}]}}