{"id":25104,"date":"2024-10-16T18:50:00","date_gmt":"2024-10-16T18:50:00","guid":{"rendered":"https:\/\/cnctulua.tv\/?p=25104"},"modified":"2024-10-16T18:50:06","modified_gmt":"2024-10-16T18:50:06","slug":"athletic-fc-se-consagra-campeon-de-la-copa-bon-bon-bum-en-un-gran-espectaculo-deportivo","status":"publish","type":"post","link":"https:\/\/cnctulua.tv\/?p=25104","title":{"rendered":"\u00a1ATHLETIC FC SE CONSAGRA CAMPE\u00d3N DE LA COPA BON BON BUM EN UN GRAN ESPECT\u00c1CULO DEPORTIVO!"},"content":{"rendered":"\n<p>En el partido decisivo, Juan Jos\u00e9 Vel\u00e1squez, delantero del Athletic FC, fue clave para la victoria. Su gol, resultado de una jugada bien ejecutada, sell\u00f3 el destino del encuentro y desat\u00f3 la alegr\u00eda entre los jugadores y aficionados. Vel\u00e1squez coment\u00f3 sobre la experiencia: \u00abNo hubo rebote, el central me habilit\u00f3 y logr\u00e9 anotar ante la arquera\u00bb.<\/p>\n\n\n\n<p><\/p>\n\n\n\n<figure class=\"wp-block-embed is-type-video is-provider-youtube wp-block-embed-youtube wp-embed-aspect-16-9 wp-has-aspect-ratio\"><div class=\"wp-block-embed__wrapper\">\n<iframe loading=\"lazy\" title=\"Equipo Athletic FC de Medell\u00edn: Campeones de la Copa Bombo Bon Bum.\" width=\"640\" height=\"360\" src=\"https:\/\/www.youtube.com\/embed\/UPH8yTtiXhI?feature=oembed\" frameborder=\"0\" allow=\"accelerometer; autoplay; clipboard-write; encrypted-media; gyroscope; picture-in-picture; web-share\" referrerpolicy=\"strict-origin-when-cross-origin\" allowfullscreen><\/iframe>\n<\/div><\/figure>\n\n\n\n<p>El equipo enfrent\u00f3 a un rival local respaldado por una fuerte hinchada, pero la confianza del Athletic FC fue evidente. \u00abLa barra rival no nos intimid\u00f3; supimos mantener la calma y demostrar nuestro potencial\u00bb, expres\u00f3 Vel\u00e1squez.<\/p>\n\n\n\n<p>Por su parte, Juan Jos\u00e9 Miranda Sol\u00eds destac\u00f3 el trabajo en equipo como un factor determinante en su \u00e9xito. \u00abEste triunfo es la recompensa a nuestro esfuerzo y sacrificio. Mis compa\u00f1eros me ayudaron a asegurar que los delanteros rivales no llegaran a la meta\u00bb, afirm\u00f3.<\/p>\n\n\n\n<figure class=\"wp-block-image size-full\"><img loading=\"lazy\" decoding=\"async\" width=\"1025\" height=\"663\" src=\"https:\/\/cnctulua.tv\/wp-content\/uploads\/2024\/10\/cammmmpeonessss.png\" alt=\"\" class=\"wp-image-25115\" srcset=\"https:\/\/cnctulua.tv\/wp-content\/uploads\/2024\/10\/cammmmpeonessss.png 1025w, https:\/\/cnctulua.tv\/wp-content\/uploads\/2024\/10\/cammmmpeonessss-300x194.png 300w, https:\/\/cnctulua.tv\/wp-content\/uploads\/2024\/10\/cammmmpeonessss-768x497.png 768w\" sizes=\"auto, (max-width: 1025px) 100vw, 1025px\" \/><\/figure>\n\n\n\n<p>Asimismo, Juan Andr\u00e9s Vac\u00edas, el segundo arquero del equipo, tambi\u00e9n resalt\u00f3 la importancia de la experiencia en el torneo. \u00abLa Copa Bombo fue una oportunidad incre\u00edble para enfrentar a equipos de todo el pa\u00eds. La actitud y el compromiso del equipo fueron fundamentales para alcanzar este triunfo\u00bb, asegur\u00f3.<\/p>\n\n\n\n<p>Con el trofeo en manos y la moral elevada, el Athletic FC ahora se prepara para su pr\u00f3ximo desaf\u00edo en la liga, donde buscar\u00e1n continuar su racha de \u00e9xitos. La victoria en la Copa Bombo no solo representa un hito en su historia, sino tambi\u00e9n un impulso para seguir dejando en alto el nombre de Antioquia en el f\u00fatbol nacional.<\/p>\n","protected":false},"excerpt":{"rendered":"<p>En el partido decisivo, Juan Jos\u00e9 Vel\u00e1squez, delantero del Athletic FC, fue clave para la victoria. Su gol, resultado de una jugada bien ejecutada, sell\u00f3 el destino del encuentro y desat\u00f3 la alegr\u00eda entre los jugadores y aficionados. Vel\u00e1squez coment\u00f3 sobre la experiencia: \u00abNo hubo rebote, el central me habilit\u00f3 y logr\u00e9 anotar ante la [&hellip;]<\/p>\n","protected":false},"author":4,"featured_media":25114,"comment_status":"open","ping_status":"open","sticky":false,"template":"","format":"video","meta":{"footnotes":""},"categories":[1],"tags":[],"class_list":["post-25104","post","type-post","status-publish","format-video","has-post-thumbnail","hentry","category-uncategorized","post_format-post-format-video"],"_links":{"self":[{"href":"https:\/\/cnctulua.tv\/index.php?rest_route=\/wp\/v2\/posts\/25104","targetHints":{"allow":["GET"]}}],"collection":[{"href":"https:\/\/cnctulua.tv\/index.php?rest_route=\/wp\/v2\/posts"}],"about":[{"href":"https:\/\/cnctulua.tv\/index.php?rest_route=\/wp\/v2\/types\/post"}],"author":[{"embeddable":true,"href":"https:\/\/cnctulua.tv\/index.php?rest_route=\/wp\/v2\/users\/4"}],"replies":[{"embeddable":true,"href":"https:\/\/cnctulua.tv\/index.php?rest_route=%2Fwp%2Fv2%2Fcomments&post=25104"}],"version-history":[{"count":1,"href":"https:\/\/cnctulua.tv\/index.php?rest_route=\/wp\/v2\/posts\/25104\/revisions"}],"predecessor-version":[{"id":25116,"href":"https:\/\/cnctulua.tv\/index.php?rest_route=\/wp\/v2\/posts\/25104\/revisions\/25116"}],"wp:featuredmedia":[{"embeddable":true,"href":"https:\/\/cnctulua.tv\/index.php?rest_route=\/wp\/v2\/media\/25114"}],"wp:attachment":[{"href":"https:\/\/cnctulua.tv\/index.php?rest_route=%2Fwp%2Fv2%2Fmedia&parent=25104"}],"wp:term":[{"taxonomy":"category","embeddable":true,"href":"https:\/\/cnctulua.tv\/index.php?rest_route=%2Fwp%2Fv2%2Fcategories&post=25104"},{"taxonomy":"post_tag","embeddable":true,"href":"https:\/\/cnctulua.tv\/index.php?rest_route=%2Fwp%2Fv2%2Ftags&post=25104"}],"curies":[{"name":"wp","href":"https:\/\/api.w.org\/{rel}","templated":true}]}}