{"id":25124,"date":"2024-10-17T18:24:34","date_gmt":"2024-10-17T18:24:34","guid":{"rendered":"https:\/\/cnctulua.tv\/?p=25124"},"modified":"2024-10-17T19:40:54","modified_gmt":"2024-10-17T19:40:54","slug":"indigenas-de-139-comunidades-se-reuniran-en-la-cop16-para-promover-proyectos-sostenibles-y-la-conservacion-de-la-biodiversidad","status":"publish","type":"post","link":"https:\/\/cnctulua.tv\/?p=25124","title":{"rendered":"IND\u00cdGENAS DE 139 COMUNIDADES SE REUNIR\u00c1N EN LA COP16 PARA PROMOVER PROYECTOS SOSTENIBLES Y LA CONSERVACI\u00d3N DE LA BIODIVERSIDAD."},"content":{"rendered":"\n<p>En una reuni\u00f3n reciente, representantes del Consejo Regional Ind\u00edgena del Cauca y la gobernadora Dilian Francisca Toro confirmaron la participaci\u00f3n de los pueblos ind\u00edgenas en la Conferencia de las Partes (COP16), que se celebrar\u00e1 en Cali a partir del 21 de octubre. La mandataria destac\u00f3 la importancia de las movilizaciones pac\u00edficas que los ind\u00edgenas llevar\u00e1n a cabo, asegurando que se solicitar\u00e1n los permisos necesarios para estas actividades en la ciudad.<\/p>\n\n\n\n<p><\/p>\n\n\n\n<figure class=\"wp-block-embed is-type-video is-provider-youtube wp-block-embed-youtube wp-embed-aspect-16-9 wp-has-aspect-ratio\"><div class=\"wp-block-embed__wrapper\">\n<iframe loading=\"lazy\" title=\"Pueblos Ind\u00edgenas confirman participaci\u00f3n en las conferencias de la COP16 en Cali.\" width=\"640\" height=\"360\" src=\"https:\/\/www.youtube.com\/embed\/IPZQtBFkmps?feature=oembed\" frameborder=\"0\" allow=\"accelerometer; autoplay; clipboard-write; encrypted-media; gyroscope; picture-in-picture; web-share\" referrerpolicy=\"strict-origin-when-cross-origin\" allowfullscreen><\/iframe>\n<\/div><\/figure>\n\n\n\n<p>Durante el encuentro, se inform\u00f3 que los representantes ind\u00edgenas se concentrar\u00e1n en Agrosavia, en Palmira, donde tienen programada una agenda acad\u00e9mica clave para el 25 y 26 de octubre. En esta misma fecha, se realizar\u00e1 la exposici\u00f3n \u00ab100 negocios verdes\u00bb en el Parque de Las Banderas, un espacio destinado a mostrar proyectos sostenibles enfocados en la conservaci\u00f3n de la biodiversidad.<\/p>\n\n\n\n<figure class=\"wp-block-image size-large\"><img loading=\"lazy\" decoding=\"async\" width=\"1024\" height=\"638\" src=\"https:\/\/cnctulua.tv\/wp-content\/uploads\/2024\/10\/mi-cali-1024x638.png\" alt=\"\" class=\"wp-image-25134\" srcset=\"https:\/\/cnctulua.tv\/wp-content\/uploads\/2024\/10\/mi-cali-1024x638.png 1024w, https:\/\/cnctulua.tv\/wp-content\/uploads\/2024\/10\/mi-cali-300x187.png 300w, https:\/\/cnctulua.tv\/wp-content\/uploads\/2024\/10\/mi-cali-768x478.png 768w, https:\/\/cnctulua.tv\/wp-content\/uploads\/2024\/10\/mi-cali.png 1053w\" sizes=\"auto, (max-width: 1024px) 100vw, 1024px\" \/><\/figure>\n\n\n\n<p>Se estima que alrededor de 1.500 ind\u00edgenas de 139 comunidades de todo el pa\u00eds participar\u00e1n en la cumbre. Yesid Conda, consejero mayor del CRIC, enfatiz\u00f3 la importancia de esta participaci\u00f3n: \u00abHemos venido a articular la presencia de los pueblos ind\u00edgenas en el marco de la COP16. La guardia ind\u00edgena se encargar\u00e1 de la seguridad de la movilizaci\u00f3n, transmitiendo un mensaje claro al mundo y a todos los asistentes del evento\u00bb.<\/p>\n\n\n\n<p>El 21 de octubre, las comunidades ind\u00edgenas estar\u00e1n presentes en la Zona Multicolor en Palmira, mientras que los d\u00edas 25 y 26 se centrar\u00e1n en \u00abExpovivir por Colombia\u00bb, donde exhibir\u00e1n su trabajo en la conservaci\u00f3n de la biodiversidad. Esta participaci\u00f3n subraya el compromiso de los pueblos ind\u00edgenas con la sostenibilidad y la protecci\u00f3n del medio ambiente, buscando visibilizar su cosmovisi\u00f3n y conocimientos ancestrales a nivel internacional.<\/p>\n","protected":false},"excerpt":{"rendered":"<p>En una reuni\u00f3n reciente, representantes del Consejo Regional Ind\u00edgena del Cauca y la gobernadora Dilian Francisca Toro confirmaron la participaci\u00f3n de los pueblos ind\u00edgenas en la Conferencia de las Partes (COP16), que se celebrar\u00e1 en Cali a partir del 21 de octubre. La mandataria destac\u00f3 la importancia de las movilizaciones pac\u00edficas que los ind\u00edgenas llevar\u00e1n [&hellip;]<\/p>\n","protected":false},"author":4,"featured_media":25133,"comment_status":"open","ping_status":"open","sticky":false,"template":"","format":"video","meta":{"footnotes":""},"categories":[1],"tags":[],"class_list":["post-25124","post","type-post","status-publish","format-video","has-post-thumbnail","hentry","category-uncategorized","post_format-post-format-video"],"_links":{"self":[{"href":"https:\/\/cnctulua.tv\/index.php?rest_route=\/wp\/v2\/posts\/25124","targetHints":{"allow":["GET"]}}],"collection":[{"href":"https:\/\/cnctulua.tv\/index.php?rest_route=\/wp\/v2\/posts"}],"about":[{"href":"https:\/\/cnctulua.tv\/index.php?rest_route=\/wp\/v2\/types\/post"}],"author":[{"embeddable":true,"href":"https:\/\/cnctulua.tv\/index.php?rest_route=\/wp\/v2\/users\/4"}],"replies":[{"embeddable":true,"href":"https:\/\/cnctulua.tv\/index.php?rest_route=%2Fwp%2Fv2%2Fcomments&post=25124"}],"version-history":[{"count":2,"href":"https:\/\/cnctulua.tv\/index.php?rest_route=\/wp\/v2\/posts\/25124\/revisions"}],"predecessor-version":[{"id":25169,"href":"https:\/\/cnctulua.tv\/index.php?rest_route=\/wp\/v2\/posts\/25124\/revisions\/25169"}],"wp:featuredmedia":[{"embeddable":true,"href":"https:\/\/cnctulua.tv\/index.php?rest_route=\/wp\/v2\/media\/25133"}],"wp:attachment":[{"href":"https:\/\/cnctulua.tv\/index.php?rest_route=%2Fwp%2Fv2%2Fmedia&parent=25124"}],"wp:term":[{"taxonomy":"category","embeddable":true,"href":"https:\/\/cnctulua.tv\/index.php?rest_route=%2Fwp%2Fv2%2Fcategories&post=25124"},{"taxonomy":"post_tag","embeddable":true,"href":"https:\/\/cnctulua.tv\/index.php?rest_route=%2Fwp%2Fv2%2Ftags&post=25124"}],"curies":[{"name":"wp","href":"https:\/\/api.w.org\/{rel}","templated":true}]}}