{"id":25125,"date":"2024-10-17T16:18:21","date_gmt":"2024-10-17T16:18:21","guid":{"rendered":"https:\/\/cnctulua.tv\/?p=25125"},"modified":"2024-10-17T16:18:26","modified_gmt":"2024-10-17T16:18:26","slug":"ingenio-carmelita-s-a-impulsa-la-capacitacion-de-proveedores-estrategicos-en-convenio-con-la-camara-de-comercio-de-tulua","status":"publish","type":"post","link":"https:\/\/cnctulua.tv\/?p=25125","title":{"rendered":"INGENIO CARMELITA S.A. IMPULSA LA CAPACITACI\u00d3N DE PROVEEDORES ESTRAT\u00c9GICOS EN CONVENIO CON LA C\u00c1MARA DE COMERCIO DE TULU\u00c1."},"content":{"rendered":"\n<p>Mario Andr\u00e9s Restrepo, Gerente General de Ingenio Carmelita S.A., anunci\u00f3 el lanzamiento de un ambicioso programa de capacitaci\u00f3n dirigido a fortalecer a 15 compa\u00f1\u00edas en desarrollo que act\u00faan como proveedores estrat\u00e9gicos del ingenio. Restrepo enfatiz\u00f3 la importancia de este esfuerzo, afirmando: \u201cVamos a emprender un viaje de capacitaciones y formaci\u00f3n para fortalecer 15 compa\u00f1\u00edas que est\u00e1n en desarrollo como proveedores estrat\u00e9gicos\u201d.<\/p>\n\n\n\n<p><\/p>\n\n\n\n<figure class=\"wp-block-embed is-type-video is-provider-youtube wp-block-embed-youtube wp-embed-aspect-16-9 wp-has-aspect-ratio\"><div class=\"wp-block-embed__wrapper\">\n<iframe loading=\"lazy\" title=\"Ingenio Carmelita S.A. y la C.C de Tulu\u00e1 lanzan programa de fortalecimiento para proveedores.\" width=\"640\" height=\"360\" src=\"https:\/\/www.youtube.com\/embed\/pCvtOVIG-_o?feature=oembed\" frameborder=\"0\" allow=\"accelerometer; autoplay; clipboard-write; encrypted-media; gyroscope; picture-in-picture; web-share\" referrerpolicy=\"strict-origin-when-cross-origin\" allowfullscreen><\/iframe>\n<\/div><\/figure>\n\n\n\n<p>El programa busca integrar emprendedores de diversas experiencias y tama\u00f1os, considerados esenciales para las operaciones del ingenio. Restrepo destac\u00f3 que estos emprendedores son \u201cactores de nuestro territorio\u201d y expres\u00f3 su esperanza de que, con el apoyo de la C\u00e1mara de Comercio y el compromiso social del Ingenio Carmelita, \u201ceste programa de formaci\u00f3n se materialice el d\u00eda de ma\u00f1ana en empresas m\u00e1s pr\u00f3speras que puedan seguir aportando al desarrollo del territorio\u201d.<\/p>\n\n\n\n<p>Este primer ciclo de capacitaci\u00f3n aborda temas cruciales como sostenibilidad social, ambiental y financiera, as\u00ed como gobernanza corporativa y manejo de riesgos. \u201cIniciamos este programa con 15 compa\u00f1\u00edas que hacen parte de la cadena de suministros del ingenio\u201d, explic\u00f3 Restrepo. \u201cSe van a abordar temas que les permitir\u00e1n proyectarse y tener un mejor desempe\u00f1o ante otras compa\u00f1\u00edas que demanden competencias importantes\u201d.<\/p>\n\n\n\n<p>Respecto a la selecci\u00f3n de los 15 proveedores, el gerente detall\u00f3 que estos fueron elegidos a partir de un semillero creado hace aproximadamente seis a\u00f1os. \u201cHemos convocado a proveedores que se han destacado por su entrega y compromiso, as\u00ed como a emprendedores como madres cabeza de hogar y desplazados por la violencia\u201d, agreg\u00f3 Restrepo. Esto refleja un fuerte compromiso de Ingenio Carmelita con el desarrollo inclusivo de la regi\u00f3n.<\/p>\n\n\n\n<p>Este programa no solo refuerza la capacidad de las empresas participantes, sino que tambi\u00e9n contribuye al crecimiento sostenible de la comunidad, reforzando la misi\u00f3n de Ingenio Carmelita S.A. de ser un motor de desarrollo regional.<\/p>\n\n\n\n<p>@camaratulua @ingeniocarmelita&nbsp;&nbsp;&nbsp;&nbsp;&nbsp;&nbsp;<\/p>\n","protected":false},"excerpt":{"rendered":"<p>Mario Andr\u00e9s Restrepo, Gerente General de Ingenio Carmelita S.A., anunci\u00f3 el lanzamiento de un ambicioso programa de capacitaci\u00f3n dirigido a fortalecer a 15 compa\u00f1\u00edas en desarrollo que act\u00faan como proveedores estrat\u00e9gicos del ingenio. Restrepo enfatiz\u00f3 la importancia de este esfuerzo, afirmando: \u201cVamos a emprender un viaje de capacitaciones y formaci\u00f3n para fortalecer 15 compa\u00f1\u00edas que [&hellip;]<\/p>\n","protected":false},"author":4,"featured_media":25138,"comment_status":"open","ping_status":"open","sticky":false,"template":"","format":"video","meta":{"footnotes":""},"categories":[1],"tags":[],"class_list":["post-25125","post","type-post","status-publish","format-video","has-post-thumbnail","hentry","category-uncategorized","post_format-post-format-video"],"_links":{"self":[{"href":"https:\/\/cnctulua.tv\/index.php?rest_route=\/wp\/v2\/posts\/25125","targetHints":{"allow":["GET"]}}],"collection":[{"href":"https:\/\/cnctulua.tv\/index.php?rest_route=\/wp\/v2\/posts"}],"about":[{"href":"https:\/\/cnctulua.tv\/index.php?rest_route=\/wp\/v2\/types\/post"}],"author":[{"embeddable":true,"href":"https:\/\/cnctulua.tv\/index.php?rest_route=\/wp\/v2\/users\/4"}],"replies":[{"embeddable":true,"href":"https:\/\/cnctulua.tv\/index.php?rest_route=%2Fwp%2Fv2%2Fcomments&post=25125"}],"version-history":[{"count":1,"href":"https:\/\/cnctulua.tv\/index.php?rest_route=\/wp\/v2\/posts\/25125\/revisions"}],"predecessor-version":[{"id":25143,"href":"https:\/\/cnctulua.tv\/index.php?rest_route=\/wp\/v2\/posts\/25125\/revisions\/25143"}],"wp:featuredmedia":[{"embeddable":true,"href":"https:\/\/cnctulua.tv\/index.php?rest_route=\/wp\/v2\/media\/25138"}],"wp:attachment":[{"href":"https:\/\/cnctulua.tv\/index.php?rest_route=%2Fwp%2Fv2%2Fmedia&parent=25125"}],"wp:term":[{"taxonomy":"category","embeddable":true,"href":"https:\/\/cnctulua.tv\/index.php?rest_route=%2Fwp%2Fv2%2Fcategories&post=25125"},{"taxonomy":"post_tag","embeddable":true,"href":"https:\/\/cnctulua.tv\/index.php?rest_route=%2Fwp%2Fv2%2Ftags&post=25125"}],"curies":[{"name":"wp","href":"https:\/\/api.w.org\/{rel}","templated":true}]}}