{"id":25159,"date":"2024-10-17T18:37:23","date_gmt":"2024-10-17T18:37:23","guid":{"rendered":"https:\/\/cnctulua.tv\/?p=25159"},"modified":"2024-10-17T18:37:28","modified_gmt":"2024-10-17T18:37:28","slug":"conmemoracion-del-dia-internacional-contra-el-cancer-de-seno-este-proximo-19-de-octubre-en-la-uceva","status":"publish","type":"post","link":"https:\/\/cnctulua.tv\/?p=25159","title":{"rendered":"CONMEMORACI\u00d3N DEL D\u00cdA INTERNACIONAL CONTRA EL C\u00c1NCER DE SENO ESTE PR\u00d3XIMO 19 DE OCTUBRE EN LA UCEVA."},"content":{"rendered":"\n<p>El pr\u00f3ximo 19 de octubre, la Universidad Central del Valle del Cauca (UCEVA) celebrar\u00e1 el D\u00eda Internacional contra el C\u00e1ncer de Seno con un evento especial que busca visibilizar la situaci\u00f3n de las pacientes de oncolog\u00eda y fortalecer la red de apoyo en la regi\u00f3n. La actividad se llevar\u00e1 a cabo en el auditorio derecho de la universidad a partir de las 2 p.m.<\/p>\n\n\n\n<p><\/p>\n\n\n\n<p><\/p>\n\n\n\n<figure class=\"wp-block-embed is-type-video is-provider-youtube wp-block-embed-youtube wp-embed-aspect-16-9 wp-has-aspect-ratio\"><div class=\"wp-block-embed__wrapper\">\n<iframe loading=\"lazy\" title=\"Conmemoraci\u00f3n del D\u00eda Internacional contra el C\u00e1ncer de Seno en Tulu\u00e1.\" width=\"640\" height=\"360\" src=\"https:\/\/www.youtube.com\/embed\/OChplwGr9Hk?feature=oembed\" frameborder=\"0\" allow=\"accelerometer; autoplay; clipboard-write; encrypted-media; gyroscope; picture-in-picture; web-share\" referrerpolicy=\"strict-origin-when-cross-origin\" allowfullscreen><\/iframe>\n<\/div><\/figure>\n\n\n\n<p>La jornada contar\u00e1 con la participaci\u00f3n de reconocidos expertos en salud, como la doctora Claudia Mill\u00e1n, Directora de Masolog\u00eda del Valle, y el Dr. Sergio Cafiero, radi\u00f3logo con amplia experiencia en la Cl\u00ednica de Occidente. Ambos profesionales ofrecer\u00e1n informaci\u00f3n crucial sobre el diagn\u00f3stico y tratamiento del c\u00e1ncer de seno, adem\u00e1s de compartir sus contactos con entidades internacionales.<\/p>\n\n\n\n<p>Claudia Cecilia Carmona Carrillo, sobreviviente de c\u00e1ncer de seno y organizadora del evento, narrar\u00e1 su experiencia personal, destacando la importancia de la esperanza y el apoyo comunitario en la lucha contra esta enfermedad. \u00abEste evento es una oportunidad para empoderar a otras mujeres y agradecer por la sanaci\u00f3n\u00bb, se\u00f1al\u00f3 Carmona.<\/p>\n\n\n\n<p>El programa incluir\u00e1 talleres de autocuidado y presentaciones sobre las rutas de atenci\u00f3n disponibles para pacientes de oncolog\u00eda. Adem\u00e1s, diversas entidades de salud de Tulu\u00e1, como hemat\u00f3logos y representantes de la Cruz Roja, se unir\u00e1n al evento para ofrecer recursos y apoyo.<\/p>\n\n\n\n<p>El evento est\u00e1 dirigido a pacientes, familiares y a toda la comunidad interesada en aprender m\u00e1s sobre el c\u00e1ncer de seno. Aunque se ha seleccionado a 50 pacientes para participar, el auditorio estar\u00e1 abierto para todos aquellos que deseen unirse a esta importante causa. \u00abEs un momento para pintarnos de rosa, celebrar la vida y compartir conocimientos\u00bb, agreg\u00f3 Carmona.<\/p>\n\n\n\n<p>La UCEVA, con el respaldo de su rector, Juan Carlos Urriago, y el decano de salud, Dr. Silver Bay, apoya esta iniciativa que busca no solo informar, sino tambi\u00e9n unir a la comunidad en la lucha contra el c\u00e1ncer de seno.<\/p>\n\n\n\n<p>Para m\u00e1s informaci\u00f3n sobre el evento, se invita a los interesados a contactar a la universidad o a las organizaciones involucradas. Se espera que esta conmemoraci\u00f3n sirva como un faro de esperanza y un recordatorio de la importancia del apoyo mutuo en la lucha contra el c\u00e1ncer.<\/p>\n\n\n\n<p>La UCEVA, respaldada por su rector, Juan Carlos Urriago, y el decano de salud, Dr. Silver Bay, apoya esta iniciativa que busca no solo informar, sino tambi\u00e9n unir a la comunidad en la lucha contra el c\u00e1ncer de seno.<\/p>\n\n\n\n<p>Para m\u00e1s informaci\u00f3n sobre el evento, se invita a los interesados a contactar a la universidad o a las organizaciones involucradas. Se espera que esta conmemoraci\u00f3n sirva como un faro de esperanza y un recordatorio de la importancia del apoyo mutuo en la lucha contra el C\u00e1ncer.<\/p>\n","protected":false},"excerpt":{"rendered":"<p>El pr\u00f3ximo 19 de octubre, la Universidad Central del Valle del Cauca (UCEVA) celebrar\u00e1 el D\u00eda Internacional contra el C\u00e1ncer de Seno con un evento especial que busca visibilizar la situaci\u00f3n de las pacientes de oncolog\u00eda y fortalecer la red de apoyo en la regi\u00f3n. La actividad se llevar\u00e1 a cabo en el auditorio derecho [&hellip;]<\/p>\n","protected":false},"author":4,"featured_media":25165,"comment_status":"open","ping_status":"open","sticky":false,"template":"","format":"video","meta":{"footnotes":""},"categories":[1],"tags":[],"class_list":["post-25159","post","type-post","status-publish","format-video","has-post-thumbnail","hentry","category-uncategorized","post_format-post-format-video"],"_links":{"self":[{"href":"https:\/\/cnctulua.tv\/index.php?rest_route=\/wp\/v2\/posts\/25159","targetHints":{"allow":["GET"]}}],"collection":[{"href":"https:\/\/cnctulua.tv\/index.php?rest_route=\/wp\/v2\/posts"}],"about":[{"href":"https:\/\/cnctulua.tv\/index.php?rest_route=\/wp\/v2\/types\/post"}],"author":[{"embeddable":true,"href":"https:\/\/cnctulua.tv\/index.php?rest_route=\/wp\/v2\/users\/4"}],"replies":[{"embeddable":true,"href":"https:\/\/cnctulua.tv\/index.php?rest_route=%2Fwp%2Fv2%2Fcomments&post=25159"}],"version-history":[{"count":1,"href":"https:\/\/cnctulua.tv\/index.php?rest_route=\/wp\/v2\/posts\/25159\/revisions"}],"predecessor-version":[{"id":25166,"href":"https:\/\/cnctulua.tv\/index.php?rest_route=\/wp\/v2\/posts\/25159\/revisions\/25166"}],"wp:featuredmedia":[{"embeddable":true,"href":"https:\/\/cnctulua.tv\/index.php?rest_route=\/wp\/v2\/media\/25165"}],"wp:attachment":[{"href":"https:\/\/cnctulua.tv\/index.php?rest_route=%2Fwp%2Fv2%2Fmedia&parent=25159"}],"wp:term":[{"taxonomy":"category","embeddable":true,"href":"https:\/\/cnctulua.tv\/index.php?rest_route=%2Fwp%2Fv2%2Fcategories&post=25159"},{"taxonomy":"post_tag","embeddable":true,"href":"https:\/\/cnctulua.tv\/index.php?rest_route=%2Fwp%2Fv2%2Ftags&post=25159"}],"curies":[{"name":"wp","href":"https:\/\/api.w.org\/{rel}","templated":true}]}}