{"id":25160,"date":"2024-10-17T18:48:57","date_gmt":"2024-10-17T18:48:57","guid":{"rendered":"https:\/\/cnctulua.tv\/?p=25160"},"modified":"2024-10-17T18:49:02","modified_gmt":"2024-10-17T18:49:02","slug":"llegara-este-sabado-la-estrategia-tomas-sin-fronteras-a-buga-para-atencion-especializada","status":"publish","type":"post","link":"https:\/\/cnctulua.tv\/?p=25160","title":{"rendered":"LLEGARA ESTE S\u00c1BADO LA ESTRATEGIA \u00abTOM\u00c1S SIN FRONTERAS\u00bb A BUGA PARA ATENCI\u00d3N ESPECIALIZADA."},"content":{"rendered":"\n<p>Este s\u00e1bado, el Hospital Departamental Tom\u00e1s Uribe Uribe llevar\u00e1 a cabo una jornada de atenci\u00f3n m\u00e9dica en el Hospital Divino Ni\u00f1o de Buga, ofreciendo una variedad de especialidades a la poblaci\u00f3n local. Seg\u00fan C\u00e9sar Augusto Rodr\u00edguez, Subgerente Cient\u00edfico del hospital, \u201cestaremos disponibles con consultas en pediatr\u00eda, ginecolog\u00eda, ortopedia, cirug\u00eda general, as\u00ed como novedades en psiquiatr\u00eda y nutrici\u00f3n\u201d.<\/p>\n\n\n\n<p><\/p>\n\n\n\n<figure class=\"wp-block-embed is-type-video is-provider-youtube wp-block-embed-youtube wp-embed-aspect-16-9 wp-has-aspect-ratio\"><div class=\"wp-block-embed__wrapper\">\n<iframe loading=\"lazy\" title=\"Jornada de Atenci\u00f3n M\u00e9dica en Buga: Con \u201cTom\u00e1s Sin Fronteras\u201d este s\u00e1bado 19 de octubre\" width=\"640\" height=\"360\" src=\"https:\/\/www.youtube.com\/embed\/W51qP45iflg?feature=oembed\" frameborder=\"0\" allow=\"accelerometer; autoplay; clipboard-write; encrypted-media; gyroscope; picture-in-picture; web-share\" referrerpolicy=\"strict-origin-when-cross-origin\" allowfullscreen><\/iframe>\n<\/div><\/figure>\n\n\n\n<p>La jornada comenzar\u00e1 a las 8:00 a.m. y se extender\u00e1 hasta las 5:00 p.m. Esta iniciativa forma parte del programa \u00abTom\u00e1s Sin Fronteras\u00bb, que cuenta con el apoyo de la gobernadora del Valle, Dilian Francisca Toro. Rodr\u00edguez enfatiz\u00f3 que este esfuerzo busca \u201cfacilitar el acceso a servicios de salud en los municipios\u201d, especialmente para aquellos que enfrentan dificultades para acceder a atenci\u00f3n m\u00e9dica.<\/p>\n\n\n\n<p>Para participar en la jornada, los interesados deben acercarse al Hospital Divino Ni\u00f1o, donde se llevar\u00e1 a cabo un agendamiento. La informaci\u00f3n de los pacientes ser\u00e1 enviada a la Secretar\u00eda de Salud Departamental, que organizar\u00e1 las citas. \u201cUna vez inscritos, nos comunicaremos con los usuarios para confirmar la hora de su atenci\u00f3n\u201d, explic\u00f3 Rodr\u00edguez.<\/p>\n\n\n\n<p>El <a>Subgerente Cient\u00edfico <\/a>subray\u00f3 la importancia de esta actividad, afirmando que \u201cinvitamos a todos los bugue\u00f1os a aprovechar esta oportunidad. Estaremos all\u00ed con siete especialidades listas para atender a toda la poblaci\u00f3n\u201d.<\/p>\n\n\n\n<p>Este programa no solo busca brindar atenci\u00f3n m\u00e9dica, sino tambi\u00e9n extender los servicios a otros municipios del Valle, promoviendo un acceso equitativo a la salud. Para m\u00e1s informaci\u00f3n, los interesados pueden comunicarse directamente con el Hospital Divino Ni\u00f1o.<\/p>\n\n\n\n<p><\/p>\n\n\n\n<p><\/p>\n","protected":false},"excerpt":{"rendered":"<p>Este s\u00e1bado, el Hospital Departamental Tom\u00e1s Uribe Uribe llevar\u00e1 a cabo una jornada de atenci\u00f3n m\u00e9dica en el Hospital Divino Ni\u00f1o de Buga, ofreciendo una variedad de especialidades a la poblaci\u00f3n local. Seg\u00fan C\u00e9sar Augusto Rodr\u00edguez, Subgerente Cient\u00edfico del hospital, \u201cestaremos disponibles con consultas en pediatr\u00eda, ginecolog\u00eda, ortopedia, cirug\u00eda general, as\u00ed como novedades en psiquiatr\u00eda [&hellip;]<\/p>\n","protected":false},"author":4,"featured_media":25167,"comment_status":"open","ping_status":"open","sticky":false,"template":"","format":"video","meta":{"footnotes":""},"categories":[1],"tags":[],"class_list":["post-25160","post","type-post","status-publish","format-video","has-post-thumbnail","hentry","category-uncategorized","post_format-post-format-video"],"_links":{"self":[{"href":"https:\/\/cnctulua.tv\/index.php?rest_route=\/wp\/v2\/posts\/25160","targetHints":{"allow":["GET"]}}],"collection":[{"href":"https:\/\/cnctulua.tv\/index.php?rest_route=\/wp\/v2\/posts"}],"about":[{"href":"https:\/\/cnctulua.tv\/index.php?rest_route=\/wp\/v2\/types\/post"}],"author":[{"embeddable":true,"href":"https:\/\/cnctulua.tv\/index.php?rest_route=\/wp\/v2\/users\/4"}],"replies":[{"embeddable":true,"href":"https:\/\/cnctulua.tv\/index.php?rest_route=%2Fwp%2Fv2%2Fcomments&post=25160"}],"version-history":[{"count":1,"href":"https:\/\/cnctulua.tv\/index.php?rest_route=\/wp\/v2\/posts\/25160\/revisions"}],"predecessor-version":[{"id":25168,"href":"https:\/\/cnctulua.tv\/index.php?rest_route=\/wp\/v2\/posts\/25160\/revisions\/25168"}],"wp:featuredmedia":[{"embeddable":true,"href":"https:\/\/cnctulua.tv\/index.php?rest_route=\/wp\/v2\/media\/25167"}],"wp:attachment":[{"href":"https:\/\/cnctulua.tv\/index.php?rest_route=%2Fwp%2Fv2%2Fmedia&parent=25160"}],"wp:term":[{"taxonomy":"category","embeddable":true,"href":"https:\/\/cnctulua.tv\/index.php?rest_route=%2Fwp%2Fv2%2Fcategories&post=25160"},{"taxonomy":"post_tag","embeddable":true,"href":"https:\/\/cnctulua.tv\/index.php?rest_route=%2Fwp%2Fv2%2Ftags&post=25160"}],"curies":[{"name":"wp","href":"https:\/\/api.w.org\/{rel}","templated":true}]}}