{"id":25171,"date":"2024-10-17T19:34:56","date_gmt":"2024-10-17T19:34:56","guid":{"rendered":"https:\/\/cnctulua.tv\/?p=25171"},"modified":"2024-10-17T20:15:28","modified_gmt":"2024-10-17T20:15:28","slug":"hallan-sin-vida-a-sofia-delgado-tras-19-dias-de-busqueda-dos-capturados-como-presuntos-responsables","status":"publish","type":"post","link":"https:\/\/cnctulua.tv\/?p=25171","title":{"rendered":"HALLAN SIN VIDA A SOF\u00cdA DELGADO TRAS 19 D\u00cdAS DE B\u00daSQUEDA: DOS CAPTURADOS COMO PRESUNTOS RESPONSABLES."},"content":{"rendered":"\n<p>Seg\u00fan informaci\u00f3n extraoficial, dos personas, un hombre y una mujer, han sido capturadas como presuntos responsables del crimen. La investigaci\u00f3n sigue en curso, y se espera que las autoridades aclaren los detalles de lo sucedido en los pr\u00f3ximos d\u00edas.<\/p>\n\n\n\n<p>Este tr\u00e1gico desenlace ha dejado una profunda tristeza en la comunidad de Villagorgona y en todo el pa\u00eds, mientras familiares y allegados piden justicia por la muerte de la menor.<\/p>\n\n\n\n<figure class=\"wp-block-embed is-type-video is-provider-youtube wp-block-embed-youtube wp-embed-aspect-16-9 wp-has-aspect-ratio\"><div class=\"wp-block-embed__wrapper\">\n<iframe loading=\"lazy\" title=\"Hallan muerta a Sof\u00eda Delgado, la menor de 12 a\u00f1os desaparecida en Villagorgona.\" width=\"640\" height=\"360\" src=\"https:\/\/www.youtube.com\/embed\/6nfBE0eNFGc?feature=oembed\" frameborder=\"0\" allow=\"accelerometer; autoplay; clipboard-write; encrypted-media; gyroscope; picture-in-picture; web-share\" referrerpolicy=\"strict-origin-when-cross-origin\" allowfullscreen><\/iframe>\n<\/div><\/figure>\n\n\n\n<p>Despu\u00e9s de 19 d\u00edas de intensa b\u00fasqueda, Sof\u00eda Delgado, una menor de 12 a\u00f1os que desapareci\u00f3 el 29 de septiembre, fue encontrada sin vida en el corregimiento de Villagorgona. La desaparici\u00f3n de la ni\u00f1a hab\u00eda generado una profunda preocupaci\u00f3n en su familia y en la comunidad local, que se unieron en la b\u00fasqueda desesperada para encontrarla.<\/p>\n\n\n\n<p>Sof\u00eda fue vista por \u00faltima vez cuando sali\u00f3 de la casa de su abuela. Su repentina desaparici\u00f3n llev\u00f3 a sus familiares a reportar su ausencia de inmediato, lo que activ\u00f3 una b\u00fasqueda masiva por parte de las autoridades. Las fuerzas de seguridad, en coordinaci\u00f3n con la comunidad, iniciaron dos l\u00edneas de investigaci\u00f3n y emitieron una circular amarilla de Interpol, ampliando la b\u00fasqueda a nivel internacional en 196 pa\u00edses.<\/p>\n\n\n\n<p><\/p>\n\n\n\n<p>La comunidad y su familia exigen justicia por el lamentable echo. La gobernadora del Valle Dilian Francisca toro, se pronuncio pidiendo abrir debate Nacional sobre cadena perpetua para estos sucesos con menores de edad. \ud83d\ude25\ud83d\udc94<\/p>\n","protected":false},"excerpt":{"rendered":"<p>Seg\u00fan informaci\u00f3n extraoficial, dos personas, un hombre y una mujer, han sido capturadas como presuntos responsables del crimen. La investigaci\u00f3n sigue en curso, y se espera que las autoridades aclaren los detalles de lo sucedido en los pr\u00f3ximos d\u00edas. Este tr\u00e1gico desenlace ha dejado una profunda tristeza en la comunidad de Villagorgona y en todo [&hellip;]<\/p>\n","protected":false},"author":4,"featured_media":25172,"comment_status":"open","ping_status":"open","sticky":false,"template":"","format":"video","meta":{"footnotes":""},"categories":[1],"tags":[],"class_list":["post-25171","post","type-post","status-publish","format-video","has-post-thumbnail","hentry","category-uncategorized","post_format-post-format-video"],"_links":{"self":[{"href":"https:\/\/cnctulua.tv\/index.php?rest_route=\/wp\/v2\/posts\/25171","targetHints":{"allow":["GET"]}}],"collection":[{"href":"https:\/\/cnctulua.tv\/index.php?rest_route=\/wp\/v2\/posts"}],"about":[{"href":"https:\/\/cnctulua.tv\/index.php?rest_route=\/wp\/v2\/types\/post"}],"author":[{"embeddable":true,"href":"https:\/\/cnctulua.tv\/index.php?rest_route=\/wp\/v2\/users\/4"}],"replies":[{"embeddable":true,"href":"https:\/\/cnctulua.tv\/index.php?rest_route=%2Fwp%2Fv2%2Fcomments&post=25171"}],"version-history":[{"count":2,"href":"https:\/\/cnctulua.tv\/index.php?rest_route=\/wp\/v2\/posts\/25171\/revisions"}],"predecessor-version":[{"id":25174,"href":"https:\/\/cnctulua.tv\/index.php?rest_route=\/wp\/v2\/posts\/25171\/revisions\/25174"}],"wp:featuredmedia":[{"embeddable":true,"href":"https:\/\/cnctulua.tv\/index.php?rest_route=\/wp\/v2\/media\/25172"}],"wp:attachment":[{"href":"https:\/\/cnctulua.tv\/index.php?rest_route=%2Fwp%2Fv2%2Fmedia&parent=25171"}],"wp:term":[{"taxonomy":"category","embeddable":true,"href":"https:\/\/cnctulua.tv\/index.php?rest_route=%2Fwp%2Fv2%2Fcategories&post=25171"},{"taxonomy":"post_tag","embeddable":true,"href":"https:\/\/cnctulua.tv\/index.php?rest_route=%2Fwp%2Fv2%2Ftags&post=25171"}],"curies":[{"name":"wp","href":"https:\/\/api.w.org\/{rel}","templated":true}]}}