{"id":25185,"date":"2024-10-18T16:40:04","date_gmt":"2024-10-18T16:40:04","guid":{"rendered":"https:\/\/cnctulua.tv\/?p=25185"},"modified":"2024-10-18T16:52:39","modified_gmt":"2024-10-18T16:52:39","slug":"capturan-al-principal-sospechoso-del-crimen-de-sofia-delgado-en-candelaria-valle-del-cauca","status":"publish","type":"post","link":"https:\/\/cnctulua.tv\/?p=25185","title":{"rendered":"CAPTURAN AL PRINCIPAL SOSPECHOSO DEL CRIMEN DE SOF\u00cdA DELGADO EN CANDELARIA, VALLE DEL CAUCA."},"content":{"rendered":"\n<p><\/p>\n\n\n\n<p>La Polic\u00eda Metropolitana de Cali ha realizado importantes avances en la investigaci\u00f3n del crimen de Sof\u00eda Delgado, la ni\u00f1a de 12 a\u00f1os que desapareci\u00f3 el 29 de septiembre en el municipio de Candelaria, Valle del Cauca. Tras la captura de un hombre de 32 a\u00f1os y una mujer de 26, las autoridades han compartido detalles sobre el proceso que llev\u00f3 a esta resoluci\u00f3n.<\/p>\n\n\n\n<p><\/p>\n\n\n\n<figure class=\"wp-block-embed is-type-video is-provider-youtube wp-block-embed-youtube wp-embed-aspect-16-9 wp-has-aspect-ratio\"><div class=\"wp-block-embed__wrapper\">\n<iframe loading=\"lazy\" title=\"Avances en la investigaci\u00f3n del caso de Sof\u00eda Delgado en Candelaria.\" width=\"640\" height=\"360\" src=\"https:\/\/www.youtube.com\/embed\/AzGOvxlR-fU?feature=oembed\" frameborder=\"0\" allow=\"accelerometer; autoplay; clipboard-write; encrypted-media; gyroscope; picture-in-picture; web-share\" referrerpolicy=\"strict-origin-when-cross-origin\" allowfullscreen><\/iframe>\n<\/div><\/figure>\n\n\n\n<p>El coronel Carlos Oviedo, comandante de la Polic\u00eda de Cali, destac\u00f3 que, inmediatamente despu\u00e9s de reportarse la desaparici\u00f3n de Sof\u00eda, se activ\u00f3 una \u201cburbuja investigativa\u201d. Esta estrategia involucr\u00f3 a diversas seccionales, incluyendo investigaci\u00f3n criminal, inteligencia y Gaula, en colaboraci\u00f3n con la Fiscal\u00eda General de la Naci\u00f3n.<\/p>\n\n\n\n<figure class=\"wp-block-image size-large\"><img loading=\"lazy\" decoding=\"async\" width=\"1024\" height=\"552\" src=\"https:\/\/cnctulua.tv\/wp-content\/uploads\/2024\/10\/asesinos-de-sofia-delgado-estas-son-sus-identidades-1024x552.png\" alt=\"\" class=\"wp-image-25194\" srcset=\"https:\/\/cnctulua.tv\/wp-content\/uploads\/2024\/10\/asesinos-de-sofia-delgado-estas-son-sus-identidades-1024x552.png 1024w, https:\/\/cnctulua.tv\/wp-content\/uploads\/2024\/10\/asesinos-de-sofia-delgado-estas-son-sus-identidades-300x162.png 300w, https:\/\/cnctulua.tv\/wp-content\/uploads\/2024\/10\/asesinos-de-sofia-delgado-estas-son-sus-identidades-768x414.png 768w, https:\/\/cnctulua.tv\/wp-content\/uploads\/2024\/10\/asesinos-de-sofia-delgado-estas-son-sus-identidades.png 1267w\" sizes=\"auto, (max-width: 1024px) 100vw, 1024px\" \/><\/figure>\n\n\n\n<p>Seg\u00fan el coronel Oviedo, la r\u00e1pida movilizaci\u00f3n de recursos permiti\u00f3 la emisi\u00f3n de \u00f3rdenes de captura por desaparici\u00f3n forzada. Un juez de control de garant\u00edas ha legalizado la captura del principal sospechoso, quien enfrentar\u00e1 audiencias en los pr\u00f3ximos d\u00edas.<\/p>\n\n\n\n<p>Adem\u00e1s de los avances en el caso, la Polic\u00eda ha implementado la estrategia \u00abPa\u00eds Abre Tus Ojos\u00bb, que busca concienciar a la comunidad escolar sobre la prevenci\u00f3n de situaciones de riesgo para ni\u00f1os y adolescentes.<\/p>\n\n\n\n<p>La comunidad de Candelaria se mantiene atenta a los desarrollos de este caso, con la esperanza de que se haga justicia por Sof\u00eda y se tomen medidas efectivas para proteger a los m\u00e1s j\u00f3venes.<\/p>\n","protected":false},"excerpt":{"rendered":"<p>La Polic\u00eda Metropolitana de Cali ha realizado importantes avances en la investigaci\u00f3n del crimen de Sof\u00eda Delgado, la ni\u00f1a de 12 a\u00f1os que desapareci\u00f3 el 29 de septiembre en el municipio de Candelaria, Valle del Cauca. Tras la captura de un hombre de 32 a\u00f1os y una mujer de 26, las autoridades han compartido detalles [&hellip;]<\/p>\n","protected":false},"author":4,"featured_media":25172,"comment_status":"open","ping_status":"open","sticky":false,"template":"","format":"video","meta":{"footnotes":""},"categories":[1],"tags":[],"class_list":["post-25185","post","type-post","status-publish","format-video","has-post-thumbnail","hentry","category-uncategorized","post_format-post-format-video"],"_links":{"self":[{"href":"https:\/\/cnctulua.tv\/index.php?rest_route=\/wp\/v2\/posts\/25185","targetHints":{"allow":["GET"]}}],"collection":[{"href":"https:\/\/cnctulua.tv\/index.php?rest_route=\/wp\/v2\/posts"}],"about":[{"href":"https:\/\/cnctulua.tv\/index.php?rest_route=\/wp\/v2\/types\/post"}],"author":[{"embeddable":true,"href":"https:\/\/cnctulua.tv\/index.php?rest_route=\/wp\/v2\/users\/4"}],"replies":[{"embeddable":true,"href":"https:\/\/cnctulua.tv\/index.php?rest_route=%2Fwp%2Fv2%2Fcomments&post=25185"}],"version-history":[{"count":1,"href":"https:\/\/cnctulua.tv\/index.php?rest_route=\/wp\/v2\/posts\/25185\/revisions"}],"predecessor-version":[{"id":25196,"href":"https:\/\/cnctulua.tv\/index.php?rest_route=\/wp\/v2\/posts\/25185\/revisions\/25196"}],"wp:featuredmedia":[{"embeddable":true,"href":"https:\/\/cnctulua.tv\/index.php?rest_route=\/wp\/v2\/media\/25172"}],"wp:attachment":[{"href":"https:\/\/cnctulua.tv\/index.php?rest_route=%2Fwp%2Fv2%2Fmedia&parent=25185"}],"wp:term":[{"taxonomy":"category","embeddable":true,"href":"https:\/\/cnctulua.tv\/index.php?rest_route=%2Fwp%2Fv2%2Fcategories&post=25185"},{"taxonomy":"post_tag","embeddable":true,"href":"https:\/\/cnctulua.tv\/index.php?rest_route=%2Fwp%2Fv2%2Ftags&post=25185"}],"curies":[{"name":"wp","href":"https:\/\/api.w.org\/{rel}","templated":true}]}}