{"id":25186,"date":"2024-10-18T18:11:32","date_gmt":"2024-10-18T18:11:32","guid":{"rendered":"https:\/\/cnctulua.tv\/?p=25186"},"modified":"2024-10-19T14:15:01","modified_gmt":"2024-10-19T14:15:01","slug":"jornada-de-seguridad-y-salud-en-el-trabajo-en-el-hospital-ruben-cruz-velez-de-tulua","status":"publish","type":"post","link":"https:\/\/cnctulua.tv\/?p=25186","title":{"rendered":"JORNADA DE SEGURIDAD Y SALUD EN EL TRABAJO EN EL HOSPITAL RUB\u00c9N CRUZ V\u00c9LEZ DE TULU\u00c1."},"content":{"rendered":"\n<p>El Hospital Rub\u00e9n Cruz V\u00e9lez llev\u00f3 a cabo una jornada de seguridad y salud en el trabajo, convocando a cerca de 300 trabajadores, incluyendo empleados de planta, miembros de sindicatos y usuarios del servicio.<\/p>\n\n\n\n<p><\/p>\n\n\n\n<figure class=\"wp-block-embed is-type-video is-provider-youtube wp-block-embed-youtube wp-embed-aspect-16-9 wp-has-aspect-ratio\"><div class=\"wp-block-embed__wrapper\">\n<iframe loading=\"lazy\" title=\"Jornada de salud y seguridad en el trabajo en el Hospital Rub\u00e9n Cruz V\u00e9lez.\" width=\"640\" height=\"360\" src=\"https:\/\/www.youtube.com\/embed\/PbBlHgzaGUM?feature=oembed\" frameborder=\"0\" allow=\"accelerometer; autoplay; clipboard-write; encrypted-media; gyroscope; picture-in-picture; web-share\" referrerpolicy=\"strict-origin-when-cross-origin\" allowfullscreen><\/iframe>\n<\/div><\/figure>\n\n\n\n<p>Durante el evento, Ernesto Montoya Arias, Coordinador de Seguridad y Salud en el Trabajo HRCV enfatiz\u00f3 la importancia de crear conciencia sobre la prevenci\u00f3n de riesgos laborales y ambientales. \u00abEl autocuidado es fundamental. Todos podemos marcar la diferencia, y es crucial reportar cualquier acto o condici\u00f3n insegura para prevenir accidentes futuros\u00bb, declar\u00f3.<\/p>\n\n\n\n<figure class=\"wp-block-image size-full\"><img loading=\"lazy\" decoding=\"async\" width=\"847\" height=\"639\" src=\"https:\/\/cnctulua.tv\/wp-content\/uploads\/2024\/10\/HOSPITAL-RUBEN.png\" alt=\"\" class=\"wp-image-25210\" srcset=\"https:\/\/cnctulua.tv\/wp-content\/uploads\/2024\/10\/HOSPITAL-RUBEN.png 847w, https:\/\/cnctulua.tv\/wp-content\/uploads\/2024\/10\/HOSPITAL-RUBEN-300x226.png 300w, https:\/\/cnctulua.tv\/wp-content\/uploads\/2024\/10\/HOSPITAL-RUBEN-768x579.png 768w\" sizes=\"auto, (max-width: 847px) 100vw, 847px\" \/><\/figure>\n\n\n\n<p>La jornada incluy\u00f3 m\u00faltiples stands informativos sobre temas clave, como el manejo de extintores, gesti\u00f3n ambiental y h\u00e1bitos saludables. Liceth Manzano Lasprilla, Presidenta del Comit\u00e9 Paritario de Salud y Seguridad en el Trabajo (COPASST), explic\u00f3 que la iniciativa busca minimizar los riesgos a los que est\u00e1n expuestos los trabajadores. \u00abContamos con recursos para abordar la prevenci\u00f3n de enfermedades laborales y fomentar h\u00e1bitos saludables\u00bb, afirm\u00f3.<\/p>\n\n\n\n<p>Entre las actividades ofrecidas se realizaron revisiones de optometr\u00eda, tamizajes cardiovasculares y talleres sobre prevenci\u00f3n de c\u00e1ncer. Manzano destac\u00f3 la importancia de que cada trabajador est\u00e9 consciente de su salud y del entorno laboral. \u00abNuestro objetivo es garantizar un ambiente seguro y saludable\u00bb, a\u00f1adi\u00f3.<\/p>\n\n\n\n<p>Montoya tambi\u00e9n hizo hincapi\u00e9 en los riesgos m\u00e1s comunes que enfrentan los trabajadores del hospital, como el riesgo biol\u00f3gico y el estr\u00e9s laboral. \u00abEstamos implementando estrategias con psic\u00f3logos y especialistas para abordar estos problemas, as\u00ed como los riesgos osteomusculares\u00bb, asegur\u00f3.<\/p>\n\n\n\n<p>El Hospital Rub\u00e9n Cruz V\u00e9lez reafirma su compromiso con la salud y seguridad de sus trabajadores y la comunidad. \u00abInvitamos a todos a adoptar una actitud de autocuidado en sus hogares y comunidades, ya que una simple acci\u00f3n puede prevenir accidentes y desgracias futuras\u00bb, concluy\u00f3 Montoya.<\/p>\n\n\n\n<p>Esta jornada representa un paso importante hacia la construcci\u00f3n de un entorno laboral m\u00e1s seguro y consciente, donde todos los actores se involucren en la promoci\u00f3n de una cultura de autocuidado y responsabilidad.<\/p>\n","protected":false},"excerpt":{"rendered":"<p>El Hospital Rub\u00e9n Cruz V\u00e9lez llev\u00f3 a cabo una jornada de seguridad y salud en el trabajo, convocando a cerca de 300 trabajadores, incluyendo empleados de planta, miembros de sindicatos y usuarios del servicio. Durante el evento, Ernesto Montoya Arias, Coordinador de Seguridad y Salud en el Trabajo HRCV enfatiz\u00f3 la importancia de crear conciencia [&hellip;]<\/p>\n","protected":false},"author":4,"featured_media":25237,"comment_status":"open","ping_status":"open","sticky":false,"template":"","format":"video","meta":{"footnotes":""},"categories":[1],"tags":[],"class_list":["post-25186","post","type-post","status-publish","format-video","has-post-thumbnail","hentry","category-uncategorized","post_format-post-format-video"],"_links":{"self":[{"href":"https:\/\/cnctulua.tv\/index.php?rest_route=\/wp\/v2\/posts\/25186","targetHints":{"allow":["GET"]}}],"collection":[{"href":"https:\/\/cnctulua.tv\/index.php?rest_route=\/wp\/v2\/posts"}],"about":[{"href":"https:\/\/cnctulua.tv\/index.php?rest_route=\/wp\/v2\/types\/post"}],"author":[{"embeddable":true,"href":"https:\/\/cnctulua.tv\/index.php?rest_route=\/wp\/v2\/users\/4"}],"replies":[{"embeddable":true,"href":"https:\/\/cnctulua.tv\/index.php?rest_route=%2Fwp%2Fv2%2Fcomments&post=25186"}],"version-history":[{"count":1,"href":"https:\/\/cnctulua.tv\/index.php?rest_route=\/wp\/v2\/posts\/25186\/revisions"}],"predecessor-version":[{"id":25238,"href":"https:\/\/cnctulua.tv\/index.php?rest_route=\/wp\/v2\/posts\/25186\/revisions\/25238"}],"wp:featuredmedia":[{"embeddable":true,"href":"https:\/\/cnctulua.tv\/index.php?rest_route=\/wp\/v2\/media\/25237"}],"wp:attachment":[{"href":"https:\/\/cnctulua.tv\/index.php?rest_route=%2Fwp%2Fv2%2Fmedia&parent=25186"}],"wp:term":[{"taxonomy":"category","embeddable":true,"href":"https:\/\/cnctulua.tv\/index.php?rest_route=%2Fwp%2Fv2%2Fcategories&post=25186"},{"taxonomy":"post_tag","embeddable":true,"href":"https:\/\/cnctulua.tv\/index.php?rest_route=%2Fwp%2Fv2%2Ftags&post=25186"}],"curies":[{"name":"wp","href":"https:\/\/api.w.org\/{rel}","templated":true}]}}