{"id":25188,"date":"2024-10-18T16:56:13","date_gmt":"2024-10-18T16:56:13","guid":{"rendered":"https:\/\/cnctulua.tv\/?p=25188"},"modified":"2024-10-18T16:56:59","modified_gmt":"2024-10-18T16:56:59","slug":"gobernadora-dilian-francisca-toro-se-reune-con-familia-de-sofia-delgado-tras-su-tragica-muerte","status":"publish","type":"post","link":"https:\/\/cnctulua.tv\/?p=25188","title":{"rendered":"GOBERNADORA DILIAN FRANCISCA TORO SE RE\u00daNE CON FAMILIA DE SOF\u00cdA DELGADO TRAS SU TR\u00c1GICA MUERTE."},"content":{"rendered":"\n<p>La comunidad de Villagorgona vive un momento de profundo luto tras el fallecimiento de Sof\u00eda Delgado, una ni\u00f1a de 12 a\u00f1os que hab\u00eda estado desaparecida durante 19 d\u00edas. En este contexto, la gobernadora Dilian Francisca Toro visit\u00f3 a la familia de Sof\u00eda para expresar su solidaridad y resaltar la necesidad de reformas en la legislaci\u00f3n que protejan a los menores.<\/p>\n\n\n\n<p><\/p>\n\n\n\n<figure class=\"wp-block-embed is-type-video is-provider-youtube wp-block-embed-youtube wp-embed-aspect-16-9 wp-has-aspect-ratio\"><div class=\"wp-block-embed__wrapper\">\n<iframe loading=\"lazy\" title=\"La Gobernadora Dilian Francisca Toro \u201clegislaci\u00f3n m\u00e1s estricta contra los delitos hacia menores\u201d\" width=\"640\" height=\"360\" src=\"https:\/\/www.youtube.com\/embed\/Lq8Gru4EYmc?feature=oembed\" frameborder=\"0\" allow=\"accelerometer; autoplay; clipboard-write; encrypted-media; gyroscope; picture-in-picture; web-share\" referrerpolicy=\"strict-origin-when-cross-origin\" allowfullscreen><\/iframe>\n<\/div><\/figure>\n\n\n\n<p>Durante el encuentro, la gobernadora expres\u00f3 su dolor y compromiso: \u201cVamos a hacer seguimiento a este caso para que los responsables sean condenados r\u00e1pidamente y ojal\u00e1 podamos lograr la cadena perpetua, porque se lo merece\u201d. Agradeci\u00f3 tambi\u00e9n a la comunidad por su colaboraci\u00f3n, afirmando: \u201cGracias a las personas que brindaron informaci\u00f3n para poder dar con la captura de estas personas\u201d.<\/p>\n\n\n\n<figure class=\"wp-block-image size-large\"><img loading=\"lazy\" decoding=\"async\" width=\"1024\" height=\"703\" src=\"https:\/\/cnctulua.tv\/wp-content\/uploads\/2024\/10\/WhatsApp-Image-2024-10-17-at-5.07.04-PM-1024x703.jpeg\" alt=\"\" class=\"wp-image-25199\" srcset=\"https:\/\/cnctulua.tv\/wp-content\/uploads\/2024\/10\/WhatsApp-Image-2024-10-17-at-5.07.04-PM-1024x703.jpeg 1024w, https:\/\/cnctulua.tv\/wp-content\/uploads\/2024\/10\/WhatsApp-Image-2024-10-17-at-5.07.04-PM-300x206.jpeg 300w, https:\/\/cnctulua.tv\/wp-content\/uploads\/2024\/10\/WhatsApp-Image-2024-10-17-at-5.07.04-PM-768x527.jpeg 768w, https:\/\/cnctulua.tv\/wp-content\/uploads\/2024\/10\/WhatsApp-Image-2024-10-17-at-5.07.04-PM-1536x1054.jpeg 1536w, https:\/\/cnctulua.tv\/wp-content\/uploads\/2024\/10\/WhatsApp-Image-2024-10-17-at-5.07.04-PM-2048x1406.jpeg 2048w, https:\/\/cnctulua.tv\/wp-content\/uploads\/2024\/10\/WhatsApp-Image-2024-10-17-at-5.07.04-PM-scaled.jpeg 1573w\" sizes=\"auto, (max-width: 1024px) 100vw, 1024px\" \/><\/figure>\n\n\n\n<p>Toro subray\u00f3 la gravedad del caso al revelar que uno de los detenidos ten\u00eda antecedentes de abuso sexual. \u201cQuien hace repetitivamente este tipo de acciones son personas con problemas mentales\u201d, indic\u00f3, haciendo hincapi\u00e9 en la necesidad de abordar la salud mental como un aspecto crucial en la prevenci\u00f3n de futuros delitos.<\/p>\n\n\n\n<p>La gobernadora tambi\u00e9n destac\u00f3 la importancia de los programas de atenci\u00f3n psicosocial, como las Escuelas de Familia, que ofrecen apoyo a ni\u00f1os y padres. \u201cEs un momento s\u00faper importante para trabajar en la salud mental, especialmente despu\u00e9s de la pandemia\u201d, concluy\u00f3.<\/p>\n","protected":false},"excerpt":{"rendered":"<p>La comunidad de Villagorgona vive un momento de profundo luto tras el fallecimiento de Sof\u00eda Delgado, una ni\u00f1a de 12 a\u00f1os que hab\u00eda estado desaparecida durante 19 d\u00edas. En este contexto, la gobernadora Dilian Francisca Toro visit\u00f3 a la familia de Sof\u00eda para expresar su solidaridad y resaltar la necesidad de reformas en la legislaci\u00f3n [&hellip;]<\/p>\n","protected":false},"author":4,"featured_media":25198,"comment_status":"open","ping_status":"open","sticky":false,"template":"","format":"video","meta":{"footnotes":""},"categories":[1],"tags":[],"class_list":["post-25188","post","type-post","status-publish","format-video","has-post-thumbnail","hentry","category-uncategorized","post_format-post-format-video"],"_links":{"self":[{"href":"https:\/\/cnctulua.tv\/index.php?rest_route=\/wp\/v2\/posts\/25188","targetHints":{"allow":["GET"]}}],"collection":[{"href":"https:\/\/cnctulua.tv\/index.php?rest_route=\/wp\/v2\/posts"}],"about":[{"href":"https:\/\/cnctulua.tv\/index.php?rest_route=\/wp\/v2\/types\/post"}],"author":[{"embeddable":true,"href":"https:\/\/cnctulua.tv\/index.php?rest_route=\/wp\/v2\/users\/4"}],"replies":[{"embeddable":true,"href":"https:\/\/cnctulua.tv\/index.php?rest_route=%2Fwp%2Fv2%2Fcomments&post=25188"}],"version-history":[{"count":2,"href":"https:\/\/cnctulua.tv\/index.php?rest_route=\/wp\/v2\/posts\/25188\/revisions"}],"predecessor-version":[{"id":25203,"href":"https:\/\/cnctulua.tv\/index.php?rest_route=\/wp\/v2\/posts\/25188\/revisions\/25203"}],"wp:featuredmedia":[{"embeddable":true,"href":"https:\/\/cnctulua.tv\/index.php?rest_route=\/wp\/v2\/media\/25198"}],"wp:attachment":[{"href":"https:\/\/cnctulua.tv\/index.php?rest_route=%2Fwp%2Fv2%2Fmedia&parent=25188"}],"wp:term":[{"taxonomy":"category","embeddable":true,"href":"https:\/\/cnctulua.tv\/index.php?rest_route=%2Fwp%2Fv2%2Fcategories&post=25188"},{"taxonomy":"post_tag","embeddable":true,"href":"https:\/\/cnctulua.tv\/index.php?rest_route=%2Fwp%2Fv2%2Ftags&post=25188"}],"curies":[{"name":"wp","href":"https:\/\/api.w.org\/{rel}","templated":true}]}}