{"id":25190,"date":"2024-10-18T16:21:13","date_gmt":"2024-10-18T16:21:13","guid":{"rendered":"https:\/\/cnctulua.tv\/?p=25190"},"modified":"2024-10-18T16:21:19","modified_gmt":"2024-10-18T16:21:19","slug":"la-gobernadora-del-valle-del-cauca-reafirma-compromiso-con-las-victimas-del-conflicto-armado","status":"publish","type":"post","link":"https:\/\/cnctulua.tv\/?p=25190","title":{"rendered":"LA GOBERNADORA DEL VALLE DEL CAUCA REAFIRMA COMPROMISO CON LAS V\u00cdCTIMAS DEL CONFLICTO ARMADO."},"content":{"rendered":"\n<p>En un esfuerzo por fortalecer la Pol\u00edtica P\u00fablica de V\u00edctimas en la regi\u00f3n, la gobernadora Dilian Francisca Toro llev\u00f3 a cabo la tercera sesi\u00f3n del Comit\u00e9 Territorial de Justicia Transicional del Valle del Cauca. Durante la reuni\u00f3n, enfatiz\u00f3 la importancia de implementar medidas de atenci\u00f3n, asistencia y reparaci\u00f3n integral para las v\u00edctimas del conflicto armado.<\/p>\n\n\n\n<p><\/p>\n\n\n\n<figure class=\"wp-block-video\"><\/figure>\n\n\n\n<p>La mandataria destac\u00f3 que el gobierno regional sigue comprometido con el cumplimiento de esta pol\u00edtica en el marco del Plan de Desarrollo. \u201cContinuaremos trabajando en conjunto para garantizar los derechos de las v\u00edctimas y asegurar que se implementen todas las medidas necesarias\u201d, afirm\u00f3 Toro.<\/p>\n\n\n\n<p>En la sesi\u00f3n, se present\u00f3 un informe sobre la percepci\u00f3n de seguridad, el cual fue evaluado positivamente por los miembros del Comit\u00e9. El brigadier general Juan Oduber Rend\u00f3n P\u00e9rez, comandante de la Tercera Brigada del Ej\u00e9rcito Nacional, subray\u00f3 la relevancia de la colaboraci\u00f3n entre las instituciones y las fuerzas de seguridad. \u201cEstamos trabajando de manera articulada para garantizar el control territorial y la presencia efectiva del ej\u00e9rcito y la polic\u00eda\u201d, indic\u00f3.<\/p>\n\n\n\n<p>Representantes de las v\u00edctimas del conflicto tambi\u00e9n tuvieron la oportunidad de exponer sus casos y solicitar la creaci\u00f3n de una mesa de alto nivel liderada por la gobernadora. Maricela Jaramillo, representante de la Mesa Departamental de V\u00edctimas, solicit\u00f3 una reuni\u00f3n con entidades gubernamentales para abordar las condiciones de retorno y reubicaci\u00f3n de las comunidades afectadas. \u201cEs fundamental realizar un diagn\u00f3stico y un inventario para atender de manera efectiva sus necesidades\u201d, expres\u00f3 Jaramillo.<\/p>\n\n\n\n<p>La secretaria de Paz del Valle, Mar\u00eda Camila Mantilla, calific\u00f3 el desarrollo de la sesi\u00f3n como positivo y destac\u00f3 la necesidad de implementar una mesa de alto nivel. \u201cReconocemos el trabajo de la gobernaci\u00f3n en la implementaci\u00f3n del Plan de Acci\u00f3n Territorial y la aprobaci\u00f3n del plan integral de prevenci\u00f3n y protecci\u00f3n\u201d, concluy\u00f3 Mantilla.<\/p>\n\n\n\n<p>Con esta sesi\u00f3n, la gobernaci\u00f3n del Valle del Cauca reafirma su compromiso con la justicia y la reparaci\u00f3n integral de las v\u00edctimas del conflicto armado, buscando mejorar su calidad de vida y garantizar sus derechos en la regi\u00f3n.<\/p>\n","protected":false},"excerpt":{"rendered":"<p>En un esfuerzo por fortalecer la Pol\u00edtica P\u00fablica de V\u00edctimas en la regi\u00f3n, la gobernadora Dilian Francisca Toro llev\u00f3 a cabo la tercera sesi\u00f3n del Comit\u00e9 Territorial de Justicia Transicional del Valle del Cauca. Durante la reuni\u00f3n, enfatiz\u00f3 la importancia de implementar medidas de atenci\u00f3n, asistencia y reparaci\u00f3n integral para las v\u00edctimas del conflicto armado. [&hellip;]<\/p>\n","protected":false},"author":4,"featured_media":25191,"comment_status":"open","ping_status":"open","sticky":false,"template":"","format":"video","meta":{"footnotes":""},"categories":[1],"tags":[],"class_list":["post-25190","post","type-post","status-publish","format-video","has-post-thumbnail","hentry","category-uncategorized","post_format-post-format-video"],"_links":{"self":[{"href":"https:\/\/cnctulua.tv\/index.php?rest_route=\/wp\/v2\/posts\/25190","targetHints":{"allow":["GET"]}}],"collection":[{"href":"https:\/\/cnctulua.tv\/index.php?rest_route=\/wp\/v2\/posts"}],"about":[{"href":"https:\/\/cnctulua.tv\/index.php?rest_route=\/wp\/v2\/types\/post"}],"author":[{"embeddable":true,"href":"https:\/\/cnctulua.tv\/index.php?rest_route=\/wp\/v2\/users\/4"}],"replies":[{"embeddable":true,"href":"https:\/\/cnctulua.tv\/index.php?rest_route=%2Fwp%2Fv2%2Fcomments&post=25190"}],"version-history":[{"count":1,"href":"https:\/\/cnctulua.tv\/index.php?rest_route=\/wp\/v2\/posts\/25190\/revisions"}],"predecessor-version":[{"id":25192,"href":"https:\/\/cnctulua.tv\/index.php?rest_route=\/wp\/v2\/posts\/25190\/revisions\/25192"}],"wp:featuredmedia":[{"embeddable":true,"href":"https:\/\/cnctulua.tv\/index.php?rest_route=\/wp\/v2\/media\/25191"}],"wp:attachment":[{"href":"https:\/\/cnctulua.tv\/index.php?rest_route=%2Fwp%2Fv2%2Fmedia&parent=25190"}],"wp:term":[{"taxonomy":"category","embeddable":true,"href":"https:\/\/cnctulua.tv\/index.php?rest_route=%2Fwp%2Fv2%2Fcategories&post=25190"},{"taxonomy":"post_tag","embeddable":true,"href":"https:\/\/cnctulua.tv\/index.php?rest_route=%2Fwp%2Fv2%2Ftags&post=25190"}],"curies":[{"name":"wp","href":"https:\/\/api.w.org\/{rel}","templated":true}]}}