{"id":25202,"date":"2024-10-18T18:51:57","date_gmt":"2024-10-18T18:51:57","guid":{"rendered":"https:\/\/cnctulua.tv\/?p=25202"},"modified":"2024-10-18T18:52:02","modified_gmt":"2024-10-18T18:52:02","slug":"el-hospital-departamental-tomas-uribe-de-tulua-conmemora-el-dia-internacional-del-lavado-de-manos","status":"publish","type":"post","link":"https:\/\/cnctulua.tv\/?p=25202","title":{"rendered":"EL HOSPITAL DEPARTAMENTAL TOM\u00c1S URIBE DE TULU\u00c1 CONMEMORA EL D\u00cdA INTERNACIONAL DEL LAVADO DE MANOS."},"content":{"rendered":"\n<p>En conmemoraci\u00f3n del D\u00eda Internacional del Lavado de Manos, el Hospital Departamental Tom\u00e1s Uribe de Tulu\u00e1 llev\u00f3 a cabo una jornada de sensibilizaci\u00f3n dirigida a todos los colaboradores de la instituci\u00f3n. La actividad, que tambi\u00e9n incluy\u00f3 a pacientes y familiares, se desarroll\u00f3 en un stand habilitado especialmente para promover la importancia de esta pr\u00e1ctica higi\u00e9nica.<\/p>\n\n\n\n<p><\/p>\n\n\n\n<figure class=\"wp-block-video\"><\/figure>\n\n\n\n<p>La enfermera Elizabeth Paz Medina, L\u00edder del Programa de Control de Infecciones del hospital, destac\u00f3 que el correcto lavado de manos es una medida fundamental para prevenir enfermedades. \u201cEstamos aqu\u00ed para aumentar la sensibilidad del personal sobre esta t\u00e9cnica de higiene que es r\u00e1pida, f\u00e1cil, segura y de bajo costo. Es esencial en el \u00e1mbito hospitalario, y tambi\u00e9n en el hogar\u201d, afirm\u00f3.<\/p>\n\n\n\n<figure class=\"wp-block-image size-large\"><img loading=\"lazy\" decoding=\"async\" width=\"1024\" height=\"563\" src=\"https:\/\/cnctulua.tv\/wp-content\/uploads\/2024\/10\/DIA-MUNDIAL-DEL-LA-VADO-DE-1-1024x563.png\" alt=\"\" class=\"wp-image-25231\" srcset=\"https:\/\/cnctulua.tv\/wp-content\/uploads\/2024\/10\/DIA-MUNDIAL-DEL-LA-VADO-DE-1-1024x563.png 1024w, https:\/\/cnctulua.tv\/wp-content\/uploads\/2024\/10\/DIA-MUNDIAL-DEL-LA-VADO-DE-1-300x165.png 300w, https:\/\/cnctulua.tv\/wp-content\/uploads\/2024\/10\/DIA-MUNDIAL-DEL-LA-VADO-DE-1-768x422.png 768w, https:\/\/cnctulua.tv\/wp-content\/uploads\/2024\/10\/DIA-MUNDIAL-DEL-LA-VADO-DE-1.png 1128w\" sizes=\"auto, (max-width: 1024px) 100vw, 1024px\" \/><\/figure>\n\n\n\n<p>Durante la jornada, se recordaron las cinco oportunidades clave para el lavado de manos seg\u00fan la Organizaci\u00f3n Mundial de la Salud (OMS): antes del contacto con el paciente, antes de realizar una t\u00e9cnica as\u00e9ptica, despu\u00e9s del contacto con fluidos corporales, despu\u00e9s del contacto con el paciente y despu\u00e9s de tocar superficies en el entorno del paciente.<\/p>\n\n\n\n<p>Medina tambi\u00e9n comparti\u00f3 recomendaciones sobre el lavado de manos en casa. \u201cEs crucial lavarse las manos antes y despu\u00e9s de consumir alimentos, as\u00ed como al entrar y salir del ba\u00f1o. La t\u00e9cnica de lavado debe ser exhaustiva, asegurando que cubramos todas las \u00e1reas de las manos\u201d, subray\u00f3.<\/p>\n\n\n\n<p>La jornada no solo busc\u00f3 educar, sino tambi\u00e9n crear un ambiente de colaboraci\u00f3n y compromiso entre el personal del hospital y la comunidad. La respuesta ha sido positiva, y se espera que esta campa\u00f1a contin\u00fae generando conciencia sobre la importancia del lavado de manos en la prevenci\u00f3n de infecciones y enfermedades.<\/p>\n","protected":false},"excerpt":{"rendered":"<p>En conmemoraci\u00f3n del D\u00eda Internacional del Lavado de Manos, el Hospital Departamental Tom\u00e1s Uribe de Tulu\u00e1 llev\u00f3 a cabo una jornada de sensibilizaci\u00f3n dirigida a todos los colaboradores de la instituci\u00f3n. La actividad, que tambi\u00e9n incluy\u00f3 a pacientes y familiares, se desarroll\u00f3 en un stand habilitado especialmente para promover la importancia de esta pr\u00e1ctica higi\u00e9nica. [&hellip;]<\/p>\n","protected":false},"author":4,"featured_media":25230,"comment_status":"open","ping_status":"open","sticky":false,"template":"","format":"video","meta":{"footnotes":""},"categories":[1],"tags":[],"class_list":["post-25202","post","type-post","status-publish","format-video","has-post-thumbnail","hentry","category-uncategorized","post_format-post-format-video"],"_links":{"self":[{"href":"https:\/\/cnctulua.tv\/index.php?rest_route=\/wp\/v2\/posts\/25202","targetHints":{"allow":["GET"]}}],"collection":[{"href":"https:\/\/cnctulua.tv\/index.php?rest_route=\/wp\/v2\/posts"}],"about":[{"href":"https:\/\/cnctulua.tv\/index.php?rest_route=\/wp\/v2\/types\/post"}],"author":[{"embeddable":true,"href":"https:\/\/cnctulua.tv\/index.php?rest_route=\/wp\/v2\/users\/4"}],"replies":[{"embeddable":true,"href":"https:\/\/cnctulua.tv\/index.php?rest_route=%2Fwp%2Fv2%2Fcomments&post=25202"}],"version-history":[{"count":1,"href":"https:\/\/cnctulua.tv\/index.php?rest_route=\/wp\/v2\/posts\/25202\/revisions"}],"predecessor-version":[{"id":25232,"href":"https:\/\/cnctulua.tv\/index.php?rest_route=\/wp\/v2\/posts\/25202\/revisions\/25232"}],"wp:featuredmedia":[{"embeddable":true,"href":"https:\/\/cnctulua.tv\/index.php?rest_route=\/wp\/v2\/media\/25230"}],"wp:attachment":[{"href":"https:\/\/cnctulua.tv\/index.php?rest_route=%2Fwp%2Fv2%2Fmedia&parent=25202"}],"wp:term":[{"taxonomy":"category","embeddable":true,"href":"https:\/\/cnctulua.tv\/index.php?rest_route=%2Fwp%2Fv2%2Fcategories&post=25202"},{"taxonomy":"post_tag","embeddable":true,"href":"https:\/\/cnctulua.tv\/index.php?rest_route=%2Fwp%2Fv2%2Ftags&post=25202"}],"curies":[{"name":"wp","href":"https:\/\/api.w.org\/{rel}","templated":true}]}}