{"id":25233,"date":"2024-10-19T14:10:54","date_gmt":"2024-10-19T14:10:54","guid":{"rendered":"https:\/\/cnctulua.tv\/?p=25233"},"modified":"2024-10-19T14:10:59","modified_gmt":"2024-10-19T14:10:59","slug":"tulua-celebra-la-9a-semana-ambiental-un-compromiso-con-el-planeta-en-el-marco-de-la-cop16","status":"publish","type":"post","link":"https:\/\/cnctulua.tv\/?p=25233","title":{"rendered":"TULU\u00c1 CELEBRA LA 9\u00aa SEMANA AMBIENTAL: UN COMPROMISO CON EL PLANETA EN EL MARCO DE LA COP16."},"content":{"rendered":"\n<p>La novena edici\u00f3n de la Semana Ambiental se llevar\u00e1 a cabo del 21 al 27 de octubre de 2024, coincidiendo con la COP16 sobre cambio clim\u00e1tico, que tiene a Colombia como anfitri\u00f3n. Con el lema \u00abCelebremos Juntos\u00bb, este evento busca \u00abgenerar conciencia y educar a la comunidad sobre la importancia del cuidado del medio ambiente\u00bb.<\/p>\n\n\n\n<p><\/p>\n\n\n\n<figure class=\"wp-block-embed is-type-video is-provider-youtube wp-block-embed-youtube wp-embed-aspect-16-9 wp-has-aspect-ratio\"><div class=\"wp-block-embed__wrapper\">\n<iframe loading=\"lazy\" title=\"Tulu\u00e1 se prepara para la novena Semana Ambiental del 21 al 27 de octubre.\" width=\"640\" height=\"360\" src=\"https:\/\/www.youtube.com\/embed\/v0NI2dAaZo4?feature=oembed\" frameborder=\"0\" allow=\"accelerometer; autoplay; clipboard-write; encrypted-media; gyroscope; picture-in-picture; web-share\" referrerpolicy=\"strict-origin-when-cross-origin\" allowfullscreen><\/iframe>\n<\/div><\/figure>\n\n\n\n<p>La Alcald\u00eda de Tulu\u00e1, en colaboraci\u00f3n con diversas entidades y actores clave, ha dise\u00f1ado una programaci\u00f3n repleta de actividades, que incluyen la siembra de \u00e1rboles, la recolecci\u00f3n de aceites usados y ferias agroindustriales. La secretaria de Asistencia Agropecuaria y Medio Ambiente, Maryelena Rodr\u00edguez Correa, enfatiz\u00f3 que \u00abdesde la administraci\u00f3n municipal, liderada por el ingeniero Gustavo Rom\u00e1n, hemos tomado la decisi\u00f3n de reactivar la celebraci\u00f3n de las semanas ambientales\u00bb.<\/p>\n\n\n\n<p>La semana comenzar\u00e1 con una siembra de \u00e1rboles en la orilla del r\u00edo Tulu\u00e1, frente al Club Colonial. \u00abQueremos establecer un bosque urbano\u00bb, explic\u00f3 Rodr\u00edguez. El martes, se presentar\u00e1 una obra de teatro sobre biodiversidad y cambio clim\u00e1tico, seguida de un avistamiento de aves en el humedal Lago chilicote.<\/p>\n\n\n\n<p>El mi\u00e9rcoles, se llevar\u00e1 a cabo una recolecci\u00f3n de aceites usados para evitar su desecho inadecuado. \u00abEstamos coordinando esta actividad para prevenir la contaminaci\u00f3n\u00bb, destac\u00f3 Rodr\u00edguez. El jueves, un foro sobre el recurso h\u00eddrico abordar\u00e1 el manejo y uso eficiente del agua. La semana culminar\u00e1 con la participaci\u00f3n en la decimoprimera Feria de Turismo Sostenible, donde se exhibir\u00e1n iniciativas de \u00e1reas protegidas y reservas forestales.<\/p>\n\n\n\n<p>Rodr\u00edguez tambi\u00e9n mencion\u00f3 una campa\u00f1a para abordar la salud de los \u00e1rboles en la ciudad, afirmando que \u00abestamos interviniendo aquellos que representan un riesgo por su antig\u00fcedad o problemas fitosanitarios\u00bb. La idea es \u00aberradicar los \u00e1rboles que ya no est\u00e1n en condiciones y reemplazarlos con nuevas siembras\u00bb.<\/p>\n\n\n\n<p>Con estas iniciativas, Tulu\u00e1 se posiciona como un referente regional en la lucha contra el cambio clim\u00e1tico. Las actividades de la Semana Ambiental son completamente gratuitas, invitando a la comunidad a participar activamente en la protecci\u00f3n del entorno natural.<\/p>\n","protected":false},"excerpt":{"rendered":"<p>La novena edici\u00f3n de la Semana Ambiental se llevar\u00e1 a cabo del 21 al 27 de octubre de 2024, coincidiendo con la COP16 sobre cambio clim\u00e1tico, que tiene a Colombia como anfitri\u00f3n. Con el lema \u00abCelebremos Juntos\u00bb, este evento busca \u00abgenerar conciencia y educar a la comunidad sobre la importancia del cuidado del medio ambiente\u00bb. [&hellip;]<\/p>\n","protected":false},"author":4,"featured_media":25235,"comment_status":"open","ping_status":"open","sticky":false,"template":"","format":"video","meta":{"footnotes":""},"categories":[1],"tags":[],"class_list":["post-25233","post","type-post","status-publish","format-video","has-post-thumbnail","hentry","category-uncategorized","post_format-post-format-video"],"_links":{"self":[{"href":"https:\/\/cnctulua.tv\/index.php?rest_route=\/wp\/v2\/posts\/25233","targetHints":{"allow":["GET"]}}],"collection":[{"href":"https:\/\/cnctulua.tv\/index.php?rest_route=\/wp\/v2\/posts"}],"about":[{"href":"https:\/\/cnctulua.tv\/index.php?rest_route=\/wp\/v2\/types\/post"}],"author":[{"embeddable":true,"href":"https:\/\/cnctulua.tv\/index.php?rest_route=\/wp\/v2\/users\/4"}],"replies":[{"embeddable":true,"href":"https:\/\/cnctulua.tv\/index.php?rest_route=%2Fwp%2Fv2%2Fcomments&post=25233"}],"version-history":[{"count":1,"href":"https:\/\/cnctulua.tv\/index.php?rest_route=\/wp\/v2\/posts\/25233\/revisions"}],"predecessor-version":[{"id":25236,"href":"https:\/\/cnctulua.tv\/index.php?rest_route=\/wp\/v2\/posts\/25233\/revisions\/25236"}],"wp:featuredmedia":[{"embeddable":true,"href":"https:\/\/cnctulua.tv\/index.php?rest_route=\/wp\/v2\/media\/25235"}],"wp:attachment":[{"href":"https:\/\/cnctulua.tv\/index.php?rest_route=%2Fwp%2Fv2%2Fmedia&parent=25233"}],"wp:term":[{"taxonomy":"category","embeddable":true,"href":"https:\/\/cnctulua.tv\/index.php?rest_route=%2Fwp%2Fv2%2Fcategories&post=25233"},{"taxonomy":"post_tag","embeddable":true,"href":"https:\/\/cnctulua.tv\/index.php?rest_route=%2Fwp%2Fv2%2Ftags&post=25233"}],"curies":[{"name":"wp","href":"https:\/\/api.w.org\/{rel}","templated":true}]}}