{"id":26701,"date":"2024-11-22T14:08:49","date_gmt":"2024-11-22T14:08:49","guid":{"rendered":"https:\/\/cnctulua.tv\/?p=26701"},"modified":"2024-11-22T14:08:52","modified_gmt":"2024-11-22T14:08:52","slug":"el-valle-del-cauca-sigue-alerta-ante-posible-expansion-de-la-fiebre-amarilla-pero-sin-casos-registrados","status":"publish","type":"post","link":"https:\/\/cnctulua.tv\/?p=26701","title":{"rendered":"EL VALLE DEL CAUCA SIGUE ALERTA ANTE POSIBLE EXPANSI\u00d3N DE LA FIEBRE AMARILLA, PERO SIN CASOS REGISTRADOS."},"content":{"rendered":"\n<p>El Ministerio de Salud y Protecci\u00f3n Social ha emitido una alerta sobre el aumento de casos de fiebre amarilla en varios departamentos del occidente del pa\u00eds. Ante esta situaci\u00f3n, la Secretar\u00eda de Salud del Valle del Cauca ha informado que, hasta el momento, no se han registrado casos de esta enfermedad en el departamento.<\/p>\n\n\n\n<p><\/p>\n\n\n\n<figure class=\"wp-block-embed is-type-video is-provider-youtube wp-block-embed-youtube wp-embed-aspect-16-9 wp-has-aspect-ratio\"><div class=\"wp-block-embed__wrapper\">\n<iframe loading=\"lazy\" title=\"El Valle del Cauca contin\u00faa alerta frente a la fiebre amarilla, sin casos registrados.\" width=\"640\" height=\"360\" src=\"https:\/\/www.youtube.com\/embed\/XR7Nw9AI_KM?feature=oembed\" frameborder=\"0\" allow=\"accelerometer; autoplay; clipboard-write; encrypted-media; gyroscope; picture-in-picture; web-share\" referrerpolicy=\"strict-origin-when-cross-origin\" allowfullscreen><\/iframe>\n<\/div><\/figure>\n\n\n\n<p>Mar\u00eda Cristina Lesmes, Secretaria Departamental de Salud, destac\u00f3 que, aunque el Valle no es el epicentro de la epidemia, las autoridades sanitarias mantienen una vigilancia constante. \u201cNo somos el eje central de la epidemia, pero debemos estar atentos y seguir las recomendaciones del Ministerio de Salud. Es importante comenzar la vacunaci\u00f3n de las personas expuestas\u201d, explic\u00f3 Lesmes.<\/p>\n\n\n\n<p>El departamento ha implementado varias medidas preventivas, como la vacunaci\u00f3n de m\u00e1s de 400 j\u00f3venes de entre 15 y 18 a\u00f1os, adem\u00e1s de llevar a cabo jornadas permanentes para promover m\u00e9todos de prevenci\u00f3n y control. Estas acciones han sido clave para evitar la propagaci\u00f3n de la enfermedad en la regi\u00f3n.<\/p>\n\n\n\n<figure class=\"wp-block-image size-full is-resized\"><img loading=\"lazy\" decoding=\"async\" width=\"700\" height=\"263\" src=\"https:\/\/cnctulua.tv\/wp-content\/uploads\/2024\/11\/WhatsApp-Image-2024-11-21-at-11.20.02-AM.jpeg\" alt=\"\" class=\"wp-image-26719\" style=\"width:840px;height:auto\" srcset=\"https:\/\/cnctulua.tv\/wp-content\/uploads\/2024\/11\/WhatsApp-Image-2024-11-21-at-11.20.02-AM.jpeg 700w, https:\/\/cnctulua.tv\/wp-content\/uploads\/2024\/11\/WhatsApp-Image-2024-11-21-at-11.20.02-AM-300x113.jpeg 300w\" sizes=\"auto, (max-width: 700px) 100vw, 700px\" \/><\/figure>\n\n\n\n<p>La fiebre amarilla es una enfermedad viral que se transmite por la picadura de mosquitos infectados. Sus s\u00edntomas incluyen fiebre alta, escalofr\u00edos, dolor de cabeza, n\u00e1useas y coloraci\u00f3n amarillenta en la piel y los ojos. Para prevenir el contagio, las autoridades han instado a los vallecaucanos a vacunarse, recordando que la vacuna es una dosis \u00fanica para personas entre los 9 meses y 59 a\u00f1os.<\/p>\n\n\n\n<p>A pesar de que el Valle del Cauca sigue sin registrar casos, las autoridades insisten en la importancia de mantener las medidas de prevenci\u00f3n y de estar preparados ante cualquier eventualidad.<\/p>\n","protected":false},"excerpt":{"rendered":"<p>El Ministerio de Salud y Protecci\u00f3n Social ha emitido una alerta sobre el aumento de casos de fiebre amarilla en varios departamentos del occidente del pa\u00eds. Ante esta situaci\u00f3n, la Secretar\u00eda de Salud del Valle del Cauca ha informado que, hasta el momento, no se han registrado casos de esta enfermedad en el departamento. Mar\u00eda [&hellip;]<\/p>\n","protected":false},"author":4,"featured_media":26718,"comment_status":"open","ping_status":"open","sticky":false,"template":"","format":"video","meta":{"footnotes":""},"categories":[1],"tags":[],"class_list":["post-26701","post","type-post","status-publish","format-video","has-post-thumbnail","hentry","category-uncategorized","post_format-post-format-video"],"_links":{"self":[{"href":"https:\/\/cnctulua.tv\/index.php?rest_route=\/wp\/v2\/posts\/26701","targetHints":{"allow":["GET"]}}],"collection":[{"href":"https:\/\/cnctulua.tv\/index.php?rest_route=\/wp\/v2\/posts"}],"about":[{"href":"https:\/\/cnctulua.tv\/index.php?rest_route=\/wp\/v2\/types\/post"}],"author":[{"embeddable":true,"href":"https:\/\/cnctulua.tv\/index.php?rest_route=\/wp\/v2\/users\/4"}],"replies":[{"embeddable":true,"href":"https:\/\/cnctulua.tv\/index.php?rest_route=%2Fwp%2Fv2%2Fcomments&post=26701"}],"version-history":[{"count":1,"href":"https:\/\/cnctulua.tv\/index.php?rest_route=\/wp\/v2\/posts\/26701\/revisions"}],"predecessor-version":[{"id":26720,"href":"https:\/\/cnctulua.tv\/index.php?rest_route=\/wp\/v2\/posts\/26701\/revisions\/26720"}],"wp:featuredmedia":[{"embeddable":true,"href":"https:\/\/cnctulua.tv\/index.php?rest_route=\/wp\/v2\/media\/26718"}],"wp:attachment":[{"href":"https:\/\/cnctulua.tv\/index.php?rest_route=%2Fwp%2Fv2%2Fmedia&parent=26701"}],"wp:term":[{"taxonomy":"category","embeddable":true,"href":"https:\/\/cnctulua.tv\/index.php?rest_route=%2Fwp%2Fv2%2Fcategories&post=26701"},{"taxonomy":"post_tag","embeddable":true,"href":"https:\/\/cnctulua.tv\/index.php?rest_route=%2Fwp%2Fv2%2Ftags&post=26701"}],"curies":[{"name":"wp","href":"https:\/\/api.w.org\/{rel}","templated":true}]}}