{"id":26721,"date":"2024-11-22T14:16:53","date_gmt":"2024-11-22T14:16:53","guid":{"rendered":"https:\/\/cnctulua.tv\/?p=26721"},"modified":"2024-11-22T14:16:56","modified_gmt":"2024-11-22T14:16:56","slug":"convocatoria-para-iniciativas-de-paz-en-el-norte-del-valle-del-cauca-tejiendo-redes-de-paz-en-el-paraiso","status":"publish","type":"post","link":"https:\/\/cnctulua.tv\/?p=26721","title":{"rendered":"CONVOCATORIA PARA INICIATIVAS DE PAZ EN EL NORTE DEL VALLE DEL CAUCA: TEJIENDO REDES DE PAZ EN EL PARA\u00cdSO."},"content":{"rendered":"\n<p>La Gobernaci\u00f3n del Valle del Cauca ha abierto la convocatoria Tejiendo Redes de Paz en el Para\u00edso, dirigida a organizaciones, colectivos y entidades sin \u00e1nimo de lucro de los municipios de Ansermanuevo, Argelia, Bol\u00edvar, El \u00c1guila, El Cairo, El Dovio, La Uni\u00f3n, Roldanillo, Toro y Versalles. Las propuestas podr\u00e1n ser presentadas hasta el 27 de noviembre de 2024, con el fin de fomentar la construcci\u00f3n de paz y la reconciliaci\u00f3n en el norte del departamento.<\/p>\n\n\n\n<p><\/p>\n\n\n\n<figure class=\"wp-block-embed is-type-video is-provider-youtube wp-block-embed-youtube wp-embed-aspect-16-9 wp-has-aspect-ratio\"><div class=\"wp-block-embed__wrapper\">\n<iframe loading=\"lazy\" title=\"Convocatoria para impulsar iniciativas de paz en el norte del Valle del Cauca.\" width=\"640\" height=\"360\" src=\"https:\/\/www.youtube.com\/embed\/uqbDEZOjPpA?feature=oembed\" frameborder=\"0\" allow=\"accelerometer; autoplay; clipboard-write; encrypted-media; gyroscope; picture-in-picture; web-share\" referrerpolicy=\"strict-origin-when-cross-origin\" allowfullscreen><\/iframe>\n<\/div><\/figure>\n\n\n\n<p>Camila Mantilla, Secretaria de Paz Territorial y Reconciliaci\u00f3n, explic\u00f3 que el objetivo de esta iniciativa es apoyar y fortalecer las acciones de paz que se llevan a cabo en estos municipios. \u00abInvitamos a los colectivos, organizaciones y instancias de participaci\u00f3n a presentar proyectos que sean culturales, de memoria hist\u00f3rica, de derechos humanos, pedag\u00f3gicos y que est\u00e9n orientados al fortalecimiento del tejido social y la reconciliaci\u00f3n\u00bb, se\u00f1al\u00f3 Mantilla.<\/p>\n\n\n\n<p>La convocatoria busca tambi\u00e9n contribuir al cumplimiento de las metas establecidas en el Plan de Desarrollo Departamental *Liderazgo que transforma*, donde la implementaci\u00f3n de pol\u00edticas de paz es una estrategia transversal del gobierno regional.<\/p>\n\n\n\n<p>Se entregar\u00e1n un total de diez incentivos, uno por cada municipio participante, los cuales estar\u00e1n representados en insumos, materiales, equipos y\/o herramientas para el desarrollo de las iniciativas. Los montos de los incentivos var\u00edan entre $2 millones y $7 millones, con el objetivo de garantizar la sostenibilidad y el fortalecimiento de las organizaciones locales en su labor de construcci\u00f3n de paz.<\/p>\n\n\n\n<p>Mantilla subray\u00f3 que estos apoyos permitir\u00e1n a las organizaciones continuar con su trabajo en los territorios y contribuir de manera significativa a la paz y la convivencia. \u00abEste respaldo ser\u00e1 clave para el desarrollo de proyectos que promuevan la reconciliaci\u00f3n y el bienestar en las comunidades\u00bb, agreg\u00f3 la funcionaria.<\/p>\n\n\n\n<p>Para obtener m\u00e1s informaci\u00f3n y conocer los requisitos para la postulaci\u00f3n, los interesados deben ingresar al portal web oficial de la Gobernaci\u00f3n del Valle del Cauca, donde se encuentran los t\u00e9rminos de la convocatoria y los documentos necesarios para participar.<\/p>\n","protected":false},"excerpt":{"rendered":"<p>La Gobernaci\u00f3n del Valle del Cauca ha abierto la convocatoria Tejiendo Redes de Paz en el Para\u00edso, dirigida a organizaciones, colectivos y entidades sin \u00e1nimo de lucro de los municipios de Ansermanuevo, Argelia, Bol\u00edvar, El \u00c1guila, El Cairo, El Dovio, La Uni\u00f3n, Roldanillo, Toro y Versalles. Las propuestas podr\u00e1n ser presentadas hasta el 27 de [&hellip;]<\/p>\n","protected":false},"author":4,"featured_media":26728,"comment_status":"open","ping_status":"open","sticky":false,"template":"","format":"video","meta":{"footnotes":""},"categories":[1],"tags":[],"class_list":["post-26721","post","type-post","status-publish","format-video","has-post-thumbnail","hentry","category-uncategorized","post_format-post-format-video"],"_links":{"self":[{"href":"https:\/\/cnctulua.tv\/index.php?rest_route=\/wp\/v2\/posts\/26721","targetHints":{"allow":["GET"]}}],"collection":[{"href":"https:\/\/cnctulua.tv\/index.php?rest_route=\/wp\/v2\/posts"}],"about":[{"href":"https:\/\/cnctulua.tv\/index.php?rest_route=\/wp\/v2\/types\/post"}],"author":[{"embeddable":true,"href":"https:\/\/cnctulua.tv\/index.php?rest_route=\/wp\/v2\/users\/4"}],"replies":[{"embeddable":true,"href":"https:\/\/cnctulua.tv\/index.php?rest_route=%2Fwp%2Fv2%2Fcomments&post=26721"}],"version-history":[{"count":1,"href":"https:\/\/cnctulua.tv\/index.php?rest_route=\/wp\/v2\/posts\/26721\/revisions"}],"predecessor-version":[{"id":26730,"href":"https:\/\/cnctulua.tv\/index.php?rest_route=\/wp\/v2\/posts\/26721\/revisions\/26730"}],"wp:featuredmedia":[{"embeddable":true,"href":"https:\/\/cnctulua.tv\/index.php?rest_route=\/wp\/v2\/media\/26728"}],"wp:attachment":[{"href":"https:\/\/cnctulua.tv\/index.php?rest_route=%2Fwp%2Fv2%2Fmedia&parent=26721"}],"wp:term":[{"taxonomy":"category","embeddable":true,"href":"https:\/\/cnctulua.tv\/index.php?rest_route=%2Fwp%2Fv2%2Fcategories&post=26721"},{"taxonomy":"post_tag","embeddable":true,"href":"https:\/\/cnctulua.tv\/index.php?rest_route=%2Fwp%2Fv2%2Ftags&post=26721"}],"curies":[{"name":"wp","href":"https:\/\/api.w.org\/{rel}","templated":true}]}}