{"id":26756,"date":"2024-11-22T18:56:56","date_gmt":"2024-11-22T18:56:56","guid":{"rendered":"https:\/\/cnctulua.tv\/?p=26756"},"modified":"2024-11-22T18:56:59","modified_gmt":"2024-11-22T18:56:59","slug":"la-fundacion-primacia-claro-cultural-presenta-la-iii-tertulia-primacia-con-natalia-naranjo-y-gustavo-lopez","status":"publish","type":"post","link":"https:\/\/cnctulua.tv\/?p=26756","title":{"rendered":"LA FUNDACI\u00d3N PRIMAC\u00cdA CLARO CULTURAL PRESENTA LA III TERTULIA PRIMAC\u00cdA CON NATALIA NARANJO Y GUSTAVO L\u00d3PEZ."},"content":{"rendered":"\n<p>La Fundaci\u00f3n Primac\u00eda Claro Cultural, liderada por \u00c1ngela Luc\u00eda Chaguala, invita a toda la comunidad a disfrutar de la tercera edici\u00f3n de la Tertulia Primac\u00eda, un evento \u00fanico que se llevar\u00e1 a cabo el s\u00e1bado 23 de noviembre a las 7 de la noche en la Casa Blanca, ubicada en el corregimiento de Nari\u00f1o, Valle del Cauca.<\/p>\n\n\n\n<p><\/p>\n\n\n\n<figure class=\"wp-block-video\"><\/figure>\n\n\n\n<p>En esta ocasi\u00f3n, el evento contar\u00e1 con la participaci\u00f3n de dos destacados artistas de la regi\u00f3n: Natalia Naranjo, una talentosa cantautora que presentar\u00e1 las canciones de su segundo \u00e1lbum, y el maestro Gustavo L\u00f3pez, reconocido por su habilidad para fusionar diversos g\u00e9neros musicales. Ambos artistas traer\u00e1n una propuesta fresca y vibrante, cargada de talento y emoci\u00f3n, para el disfrute de todos los asistentes.<\/p>\n\n\n\n<p>La presidenta de la Fundaci\u00f3n Primac\u00eda Claro Cultural, \u00c1ngela Luc\u00eda Chaguala, destac\u00f3 que la Tertulia Primac\u00eda es m\u00e1s que un simple concierto. Se trata de un espacio para la fraternidad, la convivencia y la solidaridad, donde se celebra la m\u00fasica aut\u00f3ctona del Valle del Cauca y se da a conocer el trabajo de nuevos talentos musicales. Es una oportunidad para que la comunidad se re\u00fana y celebre la cultura local, disfrutando de un ambiente relajado y acogedor.<\/p>\n\n\n\n<p>El evento se llevar\u00e1 a cabo en un entorno especial: la Casa Blanca, una casa campestre de amigos de la fundaci\u00f3n, donde se montar\u00e1 una tarima para el espect\u00e1culo. Adem\u00e1s, los asistentes podr\u00e1n disfrutar de un ambiente navide\u00f1o con canelazo y postres t\u00edpicos, lo que har\u00e1 de esta noche una experiencia a\u00fan m\u00e1s memorable.<\/p>\n\n\n\n<p>Los interesados en asistir pueden hacer sus reservaciones llamando al 3164036272, ya que se espera una alta demanda debido a la calidad art\u00edstica del evento.<\/p>\n\n\n\n<p>Con esta tercera tertulia, la Fundaci\u00f3n Primac\u00eda Claro Cultural contin\u00faa su misi\u00f3n de promover la m\u00fasica, la cultura y el talento local, creando espacios de encuentro que refuercen los lazos comunitarios y celebren la identidad del Valle del Cauca.<\/p>\n","protected":false},"excerpt":{"rendered":"<p>La Fundaci\u00f3n Primac\u00eda Claro Cultural, liderada por \u00c1ngela Luc\u00eda Chaguala, invita a toda la comunidad a disfrutar de la tercera edici\u00f3n de la Tertulia Primac\u00eda, un evento \u00fanico que se llevar\u00e1 a cabo el s\u00e1bado 23 de noviembre a las 7 de la noche en la Casa Blanca, ubicada en el corregimiento de Nari\u00f1o, Valle [&hellip;]<\/p>\n","protected":false},"author":4,"featured_media":26784,"comment_status":"open","ping_status":"open","sticky":false,"template":"","format":"video","meta":{"footnotes":""},"categories":[1],"tags":[],"class_list":["post-26756","post","type-post","status-publish","format-video","has-post-thumbnail","hentry","category-uncategorized","post_format-post-format-video"],"_links":{"self":[{"href":"https:\/\/cnctulua.tv\/index.php?rest_route=\/wp\/v2\/posts\/26756","targetHints":{"allow":["GET"]}}],"collection":[{"href":"https:\/\/cnctulua.tv\/index.php?rest_route=\/wp\/v2\/posts"}],"about":[{"href":"https:\/\/cnctulua.tv\/index.php?rest_route=\/wp\/v2\/types\/post"}],"author":[{"embeddable":true,"href":"https:\/\/cnctulua.tv\/index.php?rest_route=\/wp\/v2\/users\/4"}],"replies":[{"embeddable":true,"href":"https:\/\/cnctulua.tv\/index.php?rest_route=%2Fwp%2Fv2%2Fcomments&post=26756"}],"version-history":[{"count":1,"href":"https:\/\/cnctulua.tv\/index.php?rest_route=\/wp\/v2\/posts\/26756\/revisions"}],"predecessor-version":[{"id":26786,"href":"https:\/\/cnctulua.tv\/index.php?rest_route=\/wp\/v2\/posts\/26756\/revisions\/26786"}],"wp:featuredmedia":[{"embeddable":true,"href":"https:\/\/cnctulua.tv\/index.php?rest_route=\/wp\/v2\/media\/26784"}],"wp:attachment":[{"href":"https:\/\/cnctulua.tv\/index.php?rest_route=%2Fwp%2Fv2%2Fmedia&parent=26756"}],"wp:term":[{"taxonomy":"category","embeddable":true,"href":"https:\/\/cnctulua.tv\/index.php?rest_route=%2Fwp%2Fv2%2Fcategories&post=26756"},{"taxonomy":"post_tag","embeddable":true,"href":"https:\/\/cnctulua.tv\/index.php?rest_route=%2Fwp%2Fv2%2Ftags&post=26756"}],"curies":[{"name":"wp","href":"https:\/\/api.w.org\/{rel}","templated":true}]}}