{"id":26771,"date":"2024-11-22T18:30:17","date_gmt":"2024-11-22T18:30:17","guid":{"rendered":"https:\/\/cnctulua.tv\/?p=26771"},"modified":"2024-11-22T18:30:19","modified_gmt":"2024-11-22T18:30:19","slug":"este-23-de-noviembre-se-llevara-a-cabo-la-primera-jornada-en-el-corregimiento-de-narino-del-municipio-de-tulua","status":"publish","type":"post","link":"https:\/\/cnctulua.tv\/?p=26771","title":{"rendered":"ESTE 23 DE NOVIEMBRE SE LLEVAR\u00c1 A CABO LA PRIMERA JORNADA EN EL CORREGIMIENTO DE NARI\u00d1O DEL MUNICIPIO DE TULU\u00c1."},"content":{"rendered":"\n<p>La Secretar\u00eda Privada, liderada por Mar\u00eda Fernanda Victoria Arias, invita a toda la comunidad del municipio de Nari\u00f1o a participar en las Jornadas Descentralizadas de Servicios Municipales, que se realizar\u00e1n entre los meses de noviembre y diciembre. Estas jornadas tienen como objetivo acercar los servicios institucionales a las diferentes comunidades del municipio, permitiendo a los habitantes acceder de manera m\u00e1s f\u00e1cil y directa a diversos programas y beneficios.<\/p>\n\n\n\n<p><\/p>\n\n\n\n<figure class=\"wp-block-embed is-type-video is-provider-youtube wp-block-embed-youtube wp-embed-aspect-16-9 wp-has-aspect-ratio\"><div class=\"wp-block-embed__wrapper\">\n<iframe loading=\"lazy\" title=\"Jornadas Descentralizadas en el Municipio de Tulu\u00e1: una oportunidad para la comunidad.\" width=\"640\" height=\"360\" src=\"https:\/\/www.youtube.com\/embed\/7Ok-3XnKF-U?feature=oembed\" frameborder=\"0\" allow=\"accelerometer; autoplay; clipboard-write; encrypted-media; gyroscope; picture-in-picture; web-share\" referrerpolicy=\"strict-origin-when-cross-origin\" allowfullscreen><\/iframe>\n<\/div><\/figure>\n\n\n\n<p>La primera jornada se llevar\u00e1 a cabo este 23 de noviembre, en el Centro Adulto Mayor del corregimiento de Nari\u00f1o. Durante este evento, la comunidad podr\u00e1 acceder a una amplia oferta de servicios, entre los que se incluyen el CISBEN, programas de Arte y Cultura, la participaci\u00f3n del INDER, y el apoyo de la Secretar\u00eda de Salud. Adem\u00e1s, estar\u00e1n presentes los equipos de Atenci\u00f3n Primaria en Salud, quienes brindar\u00e1n orientaci\u00f3n y atenci\u00f3n m\u00e9dica preventiva.<\/p>\n\n\n\n<p>Estas jornadas descentralizadas buscan promover la inclusi\u00f3n social y mejorar la calidad de vida de los habitantes, acercando la oferta institucional a las zonas m\u00e1s alejadas de la cabecera municipal. De esta forma, los ciudadanos podr\u00e1n conocer y aprovechar los servicios disponibles sin la necesidad de desplazarse grandes distancias.<\/p>\n\n\n\n<p>La administraci\u00f3n municipal espera contar con la participaci\u00f3n activa de la comunidad, confiando en que estos espacios de interacci\u00f3n ser\u00e1n una oportunidad para fortalecer los lazos entre los habitantes y el gobierno local, adem\u00e1s de contribuir al bienestar colectivo.<\/p>\n\n\n\n<p>Se invita a todos los ciudadanos del corregimiento de Nari\u00f1o y de las comunidades cercanas a asistir y aprovechar los servicios gratuitos que estar\u00e1n disponibles en esta jornada, la cual marca el inicio de un ciclo de actividades descentralizadas que continuar\u00e1 en las pr\u00f3ximas semanas.<\/p>\n","protected":false},"excerpt":{"rendered":"<p>La Secretar\u00eda Privada, liderada por Mar\u00eda Fernanda Victoria Arias, invita a toda la comunidad del municipio de Nari\u00f1o a participar en las Jornadas Descentralizadas de Servicios Municipales, que se realizar\u00e1n entre los meses de noviembre y diciembre. Estas jornadas tienen como objetivo acercar los servicios institucionales a las diferentes comunidades del municipio, permitiendo a los [&hellip;]<\/p>\n","protected":false},"author":4,"featured_media":26780,"comment_status":"open","ping_status":"open","sticky":false,"template":"","format":"video","meta":{"footnotes":""},"categories":[1],"tags":[],"class_list":["post-26771","post","type-post","status-publish","format-video","has-post-thumbnail","hentry","category-uncategorized","post_format-post-format-video"],"_links":{"self":[{"href":"https:\/\/cnctulua.tv\/index.php?rest_route=\/wp\/v2\/posts\/26771","targetHints":{"allow":["GET"]}}],"collection":[{"href":"https:\/\/cnctulua.tv\/index.php?rest_route=\/wp\/v2\/posts"}],"about":[{"href":"https:\/\/cnctulua.tv\/index.php?rest_route=\/wp\/v2\/types\/post"}],"author":[{"embeddable":true,"href":"https:\/\/cnctulua.tv\/index.php?rest_route=\/wp\/v2\/users\/4"}],"replies":[{"embeddable":true,"href":"https:\/\/cnctulua.tv\/index.php?rest_route=%2Fwp%2Fv2%2Fcomments&post=26771"}],"version-history":[{"count":1,"href":"https:\/\/cnctulua.tv\/index.php?rest_route=\/wp\/v2\/posts\/26771\/revisions"}],"predecessor-version":[{"id":26781,"href":"https:\/\/cnctulua.tv\/index.php?rest_route=\/wp\/v2\/posts\/26771\/revisions\/26781"}],"wp:featuredmedia":[{"embeddable":true,"href":"https:\/\/cnctulua.tv\/index.php?rest_route=\/wp\/v2\/media\/26780"}],"wp:attachment":[{"href":"https:\/\/cnctulua.tv\/index.php?rest_route=%2Fwp%2Fv2%2Fmedia&parent=26771"}],"wp:term":[{"taxonomy":"category","embeddable":true,"href":"https:\/\/cnctulua.tv\/index.php?rest_route=%2Fwp%2Fv2%2Fcategories&post=26771"},{"taxonomy":"post_tag","embeddable":true,"href":"https:\/\/cnctulua.tv\/index.php?rest_route=%2Fwp%2Fv2%2Ftags&post=26771"}],"curies":[{"name":"wp","href":"https:\/\/api.w.org\/{rel}","templated":true}]}}