{"id":26789,"date":"2024-11-25T17:14:30","date_gmt":"2024-11-25T17:14:30","guid":{"rendered":"https:\/\/cnctulua.tv\/?p=26789"},"modified":"2024-11-25T17:26:22","modified_gmt":"2024-11-25T17:26:22","slug":"dia-internacional-de-la-eliminacion-de-la-violencia-contra-la-mujer-trujillo-avanza-en-la-concientizacion","status":"publish","type":"post","link":"https:\/\/cnctulua.tv\/?p=26789","title":{"rendered":"D\u00cdA INTERNACIONAL DE LA ELIMINACI\u00d3N DE LA VIOLENCIA CONTRA LA MUJER: TRUJILLO AVANZA EN LA CONCIENTIZACI\u00d3N."},"content":{"rendered":"\n<p>El 25 de noviembre, la Administraci\u00f3n Municipal de Trujillo y el Hospital Santa Cruz se unieron a la conmemoraci\u00f3n del D\u00eda Internacional de la Eliminaci\u00f3n de la Violencia Contra la Mujer, con una serie de actividades dise\u00f1adas para sensibilizar a la comunidad sobre esta problem\u00e1tica que afecta a millones de mujeres en todo el mundo.<\/p>\n\n\n\n<p><\/p>\n\n\n\n<figure class=\"wp-block-embed is-type-video is-provider-youtube wp-block-embed-youtube wp-embed-aspect-16-9 wp-has-aspect-ratio\"><div class=\"wp-block-embed__wrapper\">\n<iframe loading=\"lazy\" title=\"Trujillo conmemora el D\u00eda Internacional de la Eliminaci\u00f3n de la Violencia Contra la Mujer.\" width=\"640\" height=\"360\" src=\"https:\/\/www.youtube.com\/embed\/CI8gayefmgs?feature=oembed\" frameborder=\"0\" allow=\"accelerometer; autoplay; clipboard-write; encrypted-media; gyroscope; picture-in-picture; web-share\" referrerpolicy=\"strict-origin-when-cross-origin\" allowfullscreen><\/iframe>\n<\/div><\/figure>\n\n\n\n<p>La jornada, que tuvo lugar en la Plaza Principal de Trujillo, comenz\u00f3 con una concentraci\u00f3n de autoridades locales, organizaciones sociales y ciudadanos comprometidos con la causa. El acto incluy\u00f3 charlas informativas, presentaciones art\u00edsticas y una marcha simb\u00f3lica, con el objetivo de hacer visible la importancia de erradicar la violencia de g\u00e9nero y promover una sociedad m\u00e1s equitativa.<\/p>\n\n\n\n<p>El Alcalde de Trujillo, Jos\u00e9 Luis Duque Casta\u00f1o, destac\u00f3 el esfuerzo conjunto entre la Administraci\u00f3n Municipal y el Hospital Santa Cruz para brindar un mensaje claro: la lucha contra la violencia hacia las mujeres es un compromiso de todos.<\/p>\n\n\n\n<figure class=\"wp-block-image size-large\"><img loading=\"lazy\" decoding=\"async\" width=\"1024\" height=\"445\" src=\"https:\/\/cnctulua.tv\/wp-content\/uploads\/2024\/11\/CONMEMORACION-TRUJILLO-1024x445.png\" alt=\"\" class=\"wp-image-26815\" srcset=\"https:\/\/cnctulua.tv\/wp-content\/uploads\/2024\/11\/CONMEMORACION-TRUJILLO-1024x445.png 1024w, https:\/\/cnctulua.tv\/wp-content\/uploads\/2024\/11\/CONMEMORACION-TRUJILLO-300x130.png 300w, https:\/\/cnctulua.tv\/wp-content\/uploads\/2024\/11\/CONMEMORACION-TRUJILLO-768x333.png 768w, https:\/\/cnctulua.tv\/wp-content\/uploads\/2024\/11\/CONMEMORACION-TRUJILLO.png 1262w\" sizes=\"auto, (max-width: 1024px) 100vw, 1024px\" \/><\/figure>\n\n\n\n<p>Por su parte, el Hospital Santa Cruz ofreci\u00f3 orientaci\u00f3n a las personas que acudieron al evento, brindando informaci\u00f3n sobre los servicios de apoyo y atenci\u00f3n integral disponibles para las v\u00edctimas de violencia de g\u00e9nero. Especialistas en salud mental y m\u00e9dicos del hospital estuvieron presentes para ofrecer apoyo psicol\u00f3gico y emocional a quienes lo necesitaran, destacando la importancia de una respuesta integral ante este tipo de violencia.<\/p>\n\n\n\n<figure class=\"wp-block-image size-large\"><img loading=\"lazy\" decoding=\"async\" width=\"1024\" height=\"594\" src=\"https:\/\/cnctulua.tv\/wp-content\/uploads\/2024\/11\/NO-A-LA-TRUJILLO-1024x594.png\" alt=\"\" class=\"wp-image-26816\" srcset=\"https:\/\/cnctulua.tv\/wp-content\/uploads\/2024\/11\/NO-A-LA-TRUJILLO-1024x594.png 1024w, https:\/\/cnctulua.tv\/wp-content\/uploads\/2024\/11\/NO-A-LA-TRUJILLO-300x174.png 300w, https:\/\/cnctulua.tv\/wp-content\/uploads\/2024\/11\/NO-A-LA-TRUJILLO-768x446.png 768w, https:\/\/cnctulua.tv\/wp-content\/uploads\/2024\/11\/NO-A-LA-TRUJILLO.png 1091w\" sizes=\"auto, (max-width: 1024px) 100vw, 1024px\" \/><\/figure>\n\n\n\n<p>Con actividades como estas, Trujillo dio un paso m\u00e1s en su camino hacia la erradicaci\u00f3n de la violencia de g\u00e9nero, reafirmando que la eliminaci\u00f3n de la violencia contra las mujeres es una responsabilidad compartida por todos.<\/p>\n","protected":false},"excerpt":{"rendered":"<p>El 25 de noviembre, la Administraci\u00f3n Municipal de Trujillo y el Hospital Santa Cruz se unieron a la conmemoraci\u00f3n del D\u00eda Internacional de la Eliminaci\u00f3n de la Violencia Contra la Mujer, con una serie de actividades dise\u00f1adas para sensibilizar a la comunidad sobre esta problem\u00e1tica que afecta a millones de mujeres en todo el mundo. [&hellip;]<\/p>\n","protected":false},"author":4,"featured_media":26813,"comment_status":"open","ping_status":"open","sticky":false,"template":"","format":"video","meta":{"footnotes":""},"categories":[1],"tags":[],"class_list":["post-26789","post","type-post","status-publish","format-video","has-post-thumbnail","hentry","category-uncategorized","post_format-post-format-video"],"_links":{"self":[{"href":"https:\/\/cnctulua.tv\/index.php?rest_route=\/wp\/v2\/posts\/26789","targetHints":{"allow":["GET"]}}],"collection":[{"href":"https:\/\/cnctulua.tv\/index.php?rest_route=\/wp\/v2\/posts"}],"about":[{"href":"https:\/\/cnctulua.tv\/index.php?rest_route=\/wp\/v2\/types\/post"}],"author":[{"embeddable":true,"href":"https:\/\/cnctulua.tv\/index.php?rest_route=\/wp\/v2\/users\/4"}],"replies":[{"embeddable":true,"href":"https:\/\/cnctulua.tv\/index.php?rest_route=%2Fwp%2Fv2%2Fcomments&post=26789"}],"version-history":[{"count":2,"href":"https:\/\/cnctulua.tv\/index.php?rest_route=\/wp\/v2\/posts\/26789\/revisions"}],"predecessor-version":[{"id":26835,"href":"https:\/\/cnctulua.tv\/index.php?rest_route=\/wp\/v2\/posts\/26789\/revisions\/26835"}],"wp:featuredmedia":[{"embeddable":true,"href":"https:\/\/cnctulua.tv\/index.php?rest_route=\/wp\/v2\/media\/26813"}],"wp:attachment":[{"href":"https:\/\/cnctulua.tv\/index.php?rest_route=%2Fwp%2Fv2%2Fmedia&parent=26789"}],"wp:term":[{"taxonomy":"category","embeddable":true,"href":"https:\/\/cnctulua.tv\/index.php?rest_route=%2Fwp%2Fv2%2Fcategories&post=26789"},{"taxonomy":"post_tag","embeddable":true,"href":"https:\/\/cnctulua.tv\/index.php?rest_route=%2Fwp%2Fv2%2Ftags&post=26789"}],"curies":[{"name":"wp","href":"https:\/\/api.w.org\/{rel}","templated":true}]}}