{"id":26790,"date":"2024-11-25T17:44:38","date_gmt":"2024-11-25T17:44:38","guid":{"rendered":"https:\/\/cnctulua.tv\/?p=26790"},"modified":"2024-11-25T17:44:44","modified_gmt":"2024-11-25T17:44:44","slug":"el-hospital-departamental-tomas-uribe-uribe-se-suma-a-la-conmemoracion-del-dia-internacional-de-la-eliminacion-de-la-violencia-contra-la-mujer","status":"publish","type":"post","link":"https:\/\/cnctulua.tv\/?p=26790","title":{"rendered":"EL HOSPITAL DEPARTAMENTAL TOM\u00c1S URIBE URIBE: SE SUMA A LA CONMEMORACI\u00d3N DEL D\u00cdA INTERNACIONAL DE LA ELIMINACI\u00d3N DE LA VIOLENCIA CONTRA LA MUJER."},"content":{"rendered":"\n<p>El 25 de noviembre, el Hospital Departamental Tom\u00e1s Uribe Uribe se uni\u00f3 a la conmemoraci\u00f3n del D\u00eda Internacional para la Eliminaci\u00f3n de la Violencia contra la Mujer, con una serie de actividades orientadas a sensibilizar a la comunidad sobre la importancia de erradicar la violencia de g\u00e9nero. Esta fecha, reconocida mundialmente, busca generar conciencia y promover la acci\u00f3n para poner fin a las agresiones f\u00edsicas, psicol\u00f3gicas y emocionales que sufren las mujeres en diversas formas.<\/p>\n\n\n\n<p><\/p>\n\n\n\n<figure class=\"wp-block-embed is-provider-youtube wp-block-embed-youtube\"><div class=\"wp-block-embed__wrapper\">\n<iframe loading=\"lazy\" title=\"H.D.T.U.U. Conmemora el D\u00eda Internacional para la Eliminaci\u00f3n de la Violencia Contra la Mujer.\" width=\"640\" height=\"360\" src=\"https:\/\/www.youtube.com\/embed\/yPzAD9lngFo?feature=oembed\" frameborder=\"0\" allow=\"accelerometer; autoplay; clipboard-write; encrypted-media; gyroscope; picture-in-picture; web-share\" referrerpolicy=\"strict-origin-when-cross-origin\" allowfullscreen><\/iframe>\n<\/div><\/figure>\n\n\n\n<p>Durante esta jornada, el hospital organiz\u00f3 diferentes actividades de sensibilizaci\u00f3n en sus \u00e1reas de consulta externa y en el \u00e1rea de Pediatr\u00eda y Medicina Interna (PIM), donde el equipo psicosocial brind\u00f3 informaci\u00f3n educativa sobre c\u00f3mo identificar situaciones de violencia, c\u00f3mo activar la ruta de atenci\u00f3n y cu\u00e1les son los recursos disponibles para las v\u00edctimas. A trav\u00e9s de infograf\u00edas, el violent\u00f3metro y otras herramientas informativas, se busc\u00f3 brindar a los pacientes y la comunidad las herramientas necesarias para reconocer y actuar frente a casos de abuso.<\/p>\n\n\n\n<figure class=\"wp-block-image size-full\"><img loading=\"lazy\" decoding=\"async\" width=\"857\" height=\"680\" src=\"https:\/\/cnctulua.tv\/wp-content\/uploads\/2024\/11\/DI9A-DE-LA-NO-VILENCIA-6-1.png\" alt=\"\" class=\"wp-image-26821\" srcset=\"https:\/\/cnctulua.tv\/wp-content\/uploads\/2024\/11\/DI9A-DE-LA-NO-VILENCIA-6-1.png 857w, https:\/\/cnctulua.tv\/wp-content\/uploads\/2024\/11\/DI9A-DE-LA-NO-VILENCIA-6-1-300x238.png 300w, https:\/\/cnctulua.tv\/wp-content\/uploads\/2024\/11\/DI9A-DE-LA-NO-VILENCIA-6-1-768x609.png 768w\" sizes=\"auto, (max-width: 857px) 100vw, 857px\" \/><\/figure>\n\n\n\n<p>Martha Liliana G\u00f3mez, L\u00edder de Promoci\u00f3n y Mantenimiento de la Salud del hospital, explic\u00f3 que las actividades est\u00e1n dise\u00f1adas para educar no solo sobre la violencia de g\u00e9nero, sino tambi\u00e9n sobre la importancia de vivir en paz y en un entorno libre de agresiones. \u201cSi bien nos enfocamos en la violencia contra la mujer, el mensaje que queremos transmitir es claro: la violencia debe eliminarse en todas sus formas. Vivir en armon\u00eda y sin temor es un derecho fundamental de todos los seres humanos\u201d, coment\u00f3.<\/p>\n\n\n\n<p>La conmemoraci\u00f3n de este d\u00eda tambi\u00e9n hizo un llamado a la acci\u00f3n frente a la alarmante cifra de feminicidios y maltrato intrafamiliar que a\u00fan persisten en el pa\u00eds. Seg\u00fan estad\u00edsticas recientes, los \u00edndices de violencia femenina siguen siendo elevados, lo que refuerza la necesidad de continuar con iniciativas educativas y de sensibilizaci\u00f3n que ayuden a disminuir estos \u00edndices.<\/p>\n\n\n\n<figure class=\"wp-block-image size-full\"><img loading=\"lazy\" decoding=\"async\" width=\"929\" height=\"719\" src=\"https:\/\/cnctulua.tv\/wp-content\/uploads\/2024\/11\/DIA-DE-LA-NO-VIOLENCIA-3.png\" alt=\"\" class=\"wp-image-26819\" srcset=\"https:\/\/cnctulua.tv\/wp-content\/uploads\/2024\/11\/DIA-DE-LA-NO-VIOLENCIA-3.png 929w, https:\/\/cnctulua.tv\/wp-content\/uploads\/2024\/11\/DIA-DE-LA-NO-VIOLENCIA-3-300x232.png 300w, https:\/\/cnctulua.tv\/wp-content\/uploads\/2024\/11\/DIA-DE-LA-NO-VIOLENCIA-3-768x594.png 768w\" sizes=\"auto, (max-width: 929px) 100vw, 929px\" \/><\/figure>\n\n\n\n<p>El hospital, a trav\u00e9s de su equipo de salud, reafirm\u00f3 su compromiso con la promoci\u00f3n de la salud y la protecci\u00f3n de los derechos humanos, entendiendo que la violencia de g\u00e9nero es un problema de salud p\u00fablica que debe ser abordado de manera integral. Con estas actividades, se busca generar un impacto positivo en la comunidad y contribuir a la construcci\u00f3n de una sociedad m\u00e1s justa y libre de violencia.<\/p>\n\n\n\n<p>El D\u00eda Internacional para la Eliminaci\u00f3n de la Violencia contra la Mujer es una fecha para reflexionar sobre la importancia de la equidad de g\u00e9nero y el respeto a los derechos de las mujeres, y el Hospital Tom\u00e1s Uribe Uribe contin\u00faa trabajando para garantizar un entorno seguro y libre de violencia para todas las personas.<\/p>\n","protected":false},"excerpt":{"rendered":"<p>El 25 de noviembre, el Hospital Departamental Tom\u00e1s Uribe Uribe se uni\u00f3 a la conmemoraci\u00f3n del D\u00eda Internacional para la Eliminaci\u00f3n de la Violencia contra la Mujer, con una serie de actividades orientadas a sensibilizar a la comunidad sobre la importancia de erradicar la violencia de g\u00e9nero. Esta fecha, reconocida mundialmente, busca generar conciencia y [&hellip;]<\/p>\n","protected":false},"author":4,"featured_media":26820,"comment_status":"open","ping_status":"open","sticky":false,"template":"","format":"video","meta":{"footnotes":""},"categories":[1],"tags":[],"class_list":["post-26790","post","type-post","status-publish","format-video","has-post-thumbnail","hentry","category-uncategorized","post_format-post-format-video"],"_links":{"self":[{"href":"https:\/\/cnctulua.tv\/index.php?rest_route=\/wp\/v2\/posts\/26790","targetHints":{"allow":["GET"]}}],"collection":[{"href":"https:\/\/cnctulua.tv\/index.php?rest_route=\/wp\/v2\/posts"}],"about":[{"href":"https:\/\/cnctulua.tv\/index.php?rest_route=\/wp\/v2\/types\/post"}],"author":[{"embeddable":true,"href":"https:\/\/cnctulua.tv\/index.php?rest_route=\/wp\/v2\/users\/4"}],"replies":[{"embeddable":true,"href":"https:\/\/cnctulua.tv\/index.php?rest_route=%2Fwp%2Fv2%2Fcomments&post=26790"}],"version-history":[{"count":2,"href":"https:\/\/cnctulua.tv\/index.php?rest_route=\/wp\/v2\/posts\/26790\/revisions"}],"predecessor-version":[{"id":26839,"href":"https:\/\/cnctulua.tv\/index.php?rest_route=\/wp\/v2\/posts\/26790\/revisions\/26839"}],"wp:featuredmedia":[{"embeddable":true,"href":"https:\/\/cnctulua.tv\/index.php?rest_route=\/wp\/v2\/media\/26820"}],"wp:attachment":[{"href":"https:\/\/cnctulua.tv\/index.php?rest_route=%2Fwp%2Fv2%2Fmedia&parent=26790"}],"wp:term":[{"taxonomy":"category","embeddable":true,"href":"https:\/\/cnctulua.tv\/index.php?rest_route=%2Fwp%2Fv2%2Fcategories&post=26790"},{"taxonomy":"post_tag","embeddable":true,"href":"https:\/\/cnctulua.tv\/index.php?rest_route=%2Fwp%2Fv2%2Ftags&post=26790"}],"curies":[{"name":"wp","href":"https:\/\/api.w.org\/{rel}","templated":true}]}}