{"id":26791,"date":"2024-11-26T13:53:55","date_gmt":"2024-11-26T13:53:55","guid":{"rendered":"https:\/\/cnctulua.tv\/?p=26791"},"modified":"2024-11-26T13:53:58","modified_gmt":"2024-11-26T13:53:58","slug":"el-corregimiento-de-narino-recibe-una-nueva-jornada-de-servicios-municipales-con-enfoque-en-la-calidad-de-vida","status":"publish","type":"post","link":"https:\/\/cnctulua.tv\/?p=26791","title":{"rendered":"EL CORREGIMIENTO DE NARI\u00d1O: RECIBE UNA NUEVA JORNADA DE SERVICIOS MUNICIPALES CON ENFOQUE EN LA CALIDAD DE VIDA."},"content":{"rendered":"\n<p><\/p>\n\n\n\n<p>El pasado s\u00e1bado, los habitantes del corregimiento de Nari\u00f1o disfrutaron de una jornada llena de servicios gratuitos que beneficiaron a toda la comunidad. Durante el evento, se ofreci\u00f3 una amplia gama de servicios, entre los que se destacaron la atenci\u00f3n en salud, orientaci\u00f3n legal y programas sociales, gracias al esfuerzo conjunto de diversas instituciones y entidades del gobierno local.<\/p>\n\n\n\n<p><\/p>\n\n\n\n<p><\/p>\n\n\n\n<figure class=\"wp-block-embed is-type-video is-provider-youtube wp-block-embed-youtube wp-embed-aspect-16-9 wp-has-aspect-ratio\"><div class=\"wp-block-embed__wrapper\">\n<iframe loading=\"lazy\" title=\"Se realiz\u00f3 la jornada descentralizada de servicios municipales en el corregimiento de Nari\u00f1o.\" width=\"640\" height=\"360\" src=\"https:\/\/www.youtube.com\/embed\/9Vw_b01tYDk?feature=oembed\" frameborder=\"0\" allow=\"accelerometer; autoplay; clipboard-write; encrypted-media; gyroscope; picture-in-picture; web-share\" referrerpolicy=\"strict-origin-when-cross-origin\" allowfullscreen><\/iframe>\n<\/div><\/figure>\n\n\n\n<p>El Hospital Rub\u00e9n Cruz V\u00e9lez jug\u00f3 un papel fundamental en la jornada, brindando atenci\u00f3n primaria en salud a los asistentes. Adem\u00e1s, los equipos de salud, conformados por m\u00e9dicos, psic\u00f3logos y trabajadoras sociales, estuvieron disponibles para atender no solo las necesidades m\u00e9dicas generales, sino tambi\u00e9n los problemas de salud mental que afectan tanto al municipio como a nivel departamental y nacional. Entre los servicios ofrecidos se incluyeron consultas m\u00e9dicas, odontol\u00f3gicas y vacunaci\u00f3n.<\/p>\n\n\n\n<p><\/p>\n\n\n\n<figure class=\"wp-block-image size-large\"><img loading=\"lazy\" decoding=\"async\" width=\"1024\" height=\"511\" src=\"https:\/\/cnctulua.tv\/wp-content\/uploads\/2024\/11\/JORNADA-DE-SALUD-GATO-1024x511.png\" alt=\"\" class=\"wp-image-26865\" srcset=\"https:\/\/cnctulua.tv\/wp-content\/uploads\/2024\/11\/JORNADA-DE-SALUD-GATO-1024x511.png 1024w, https:\/\/cnctulua.tv\/wp-content\/uploads\/2024\/11\/JORNADA-DE-SALUD-GATO-300x150.png 300w, https:\/\/cnctulua.tv\/wp-content\/uploads\/2024\/11\/JORNADA-DE-SALUD-GATO-768x383.png 768w, https:\/\/cnctulua.tv\/wp-content\/uploads\/2024\/11\/JORNADA-DE-SALUD-GATO.png 1273w\" sizes=\"auto, (max-width: 1024px) 100vw, 1024px\" \/><\/figure>\n\n\n\n<p>\u201cEstuvimos presentes en el centro del adulto mayor en Nari\u00f1o, ofreciendo todos los servicios posibles a la comunidad, como consultas m\u00e9dicas y odontol\u00f3gicas, y vacunaci\u00f3n. Adem\u00e1s, tuvimos a disposici\u00f3n toda la oferta institucional del Hospital Rub\u00e9n Cruz V\u00e9lez y la Secretar\u00eda de la Alcald\u00eda Municipal\u201d, se\u00f1al\u00f3 uno de los coordinadores del evento. La jornada tambi\u00e9n incluy\u00f3 una vacunaci\u00f3n masiva para mascotas, lo que sum\u00f3 a los esfuerzos por promover la salud en todas las \u00e1reas de la comunidad.<\/p>\n\n\n\n<p>La administraci\u00f3n municipal expres\u00f3 su satisfacci\u00f3n por la positiva respuesta de la comunidad, destacando que eventos como este no solo fortalecen los lazos entre los ciudadanos y el gobierno local, sino que tambi\u00e9n contribuyen al bienestar colectivo. \u00abCon gran satisfacci\u00f3n logramos realizar nuestra jornada descentralizada en el corregimiento de Nari\u00f1o. Tuvimos la oportunidad de llevar la oferta institucional a todos los rincones de la comunidad, incluyendo programas sociales como discapacidad, adulto mayor, j\u00f3venes, y actividades del INDER, que son fundamentales para nuestros j\u00f3venes\u201d, expres\u00f3 el alcalde de Tulu\u00e1.<\/p>\n\n\n\n<p><\/p>\n\n\n\n<p><\/p>\n\n\n\n<p><\/p>\n\n\n\n<figure class=\"wp-block-image size-full\"><img loading=\"lazy\" decoding=\"async\" width=\"903\" height=\"620\" src=\"https:\/\/cnctulua.tv\/wp-content\/uploads\/2024\/11\/JORNADA-DE-SALUD-SISBEN.png\" alt=\"\" class=\"wp-image-26866\" srcset=\"https:\/\/cnctulua.tv\/wp-content\/uploads\/2024\/11\/JORNADA-DE-SALUD-SISBEN.png 903w, https:\/\/cnctulua.tv\/wp-content\/uploads\/2024\/11\/JORNADA-DE-SALUD-SISBEN-300x206.png 300w, https:\/\/cnctulua.tv\/wp-content\/uploads\/2024\/11\/JORNADA-DE-SALUD-SISBEN-768x527.png 768w\" sizes=\"auto, (max-width: 903px) 100vw, 903px\" \/><\/figure>\n\n\n\n<p>Adem\u00e1s de los servicios de salud, la jornada cont\u00f3 con la presencia del Censo de Bienestar Social, que ofreci\u00f3 orientaci\u00f3n y apoyo en programas sociales, y del Sedama, que brind\u00f3 informaci\u00f3n sobre las diferentes empresas municipales. La comunidad de Nari\u00f1o se mostr\u00f3 muy agradecida por esta iniciativa que acerc\u00f3 los servicios del municipio a su territorio.<\/p>\n\n\n\n<p>Con este evento, el gobierno local reitera su compromiso con el bienestar de todos los ciudadanos, promoviendo el acceso a servicios esenciales y fortaleciendo el v\u00ednculo entre las autoridades y la comunidad.<\/p>\n","protected":false},"excerpt":{"rendered":"<p>El pasado s\u00e1bado, los habitantes del corregimiento de Nari\u00f1o disfrutaron de una jornada llena de servicios gratuitos que beneficiaron a toda la comunidad. Durante el evento, se ofreci\u00f3 una amplia gama de servicios, entre los que se destacaron la atenci\u00f3n en salud, orientaci\u00f3n legal y programas sociales, gracias al esfuerzo conjunto de diversas instituciones y [&hellip;]<\/p>\n","protected":false},"author":4,"featured_media":26863,"comment_status":"open","ping_status":"open","sticky":false,"template":"","format":"video","meta":{"footnotes":""},"categories":[1],"tags":[],"class_list":["post-26791","post","type-post","status-publish","format-video","has-post-thumbnail","hentry","category-uncategorized","post_format-post-format-video"],"_links":{"self":[{"href":"https:\/\/cnctulua.tv\/index.php?rest_route=\/wp\/v2\/posts\/26791","targetHints":{"allow":["GET"]}}],"collection":[{"href":"https:\/\/cnctulua.tv\/index.php?rest_route=\/wp\/v2\/posts"}],"about":[{"href":"https:\/\/cnctulua.tv\/index.php?rest_route=\/wp\/v2\/types\/post"}],"author":[{"embeddable":true,"href":"https:\/\/cnctulua.tv\/index.php?rest_route=\/wp\/v2\/users\/4"}],"replies":[{"embeddable":true,"href":"https:\/\/cnctulua.tv\/index.php?rest_route=%2Fwp%2Fv2%2Fcomments&post=26791"}],"version-history":[{"count":1,"href":"https:\/\/cnctulua.tv\/index.php?rest_route=\/wp\/v2\/posts\/26791\/revisions"}],"predecessor-version":[{"id":26875,"href":"https:\/\/cnctulua.tv\/index.php?rest_route=\/wp\/v2\/posts\/26791\/revisions\/26875"}],"wp:featuredmedia":[{"embeddable":true,"href":"https:\/\/cnctulua.tv\/index.php?rest_route=\/wp\/v2\/media\/26863"}],"wp:attachment":[{"href":"https:\/\/cnctulua.tv\/index.php?rest_route=%2Fwp%2Fv2%2Fmedia&parent=26791"}],"wp:term":[{"taxonomy":"category","embeddable":true,"href":"https:\/\/cnctulua.tv\/index.php?rest_route=%2Fwp%2Fv2%2Fcategories&post=26791"},{"taxonomy":"post_tag","embeddable":true,"href":"https:\/\/cnctulua.tv\/index.php?rest_route=%2Fwp%2Fv2%2Ftags&post=26791"}],"curies":[{"name":"wp","href":"https:\/\/api.w.org\/{rel}","templated":true}]}}