{"id":26830,"date":"2024-11-26T13:57:58","date_gmt":"2024-11-26T13:57:58","guid":{"rendered":"https:\/\/cnctulua.tv\/?p=26830"},"modified":"2024-11-26T13:58:02","modified_gmt":"2024-11-26T13:58:02","slug":"la-administracion-municipal-de-tulua-se-suma-a-la-conmemoracion-del-dia-internacional-para-la-eliminacion-de-la-violencia-contra-la-mujer","status":"publish","type":"post","link":"https:\/\/cnctulua.tv\/?p=26830","title":{"rendered":"LA ADMINISTRACI\u00d3N MUNICIPAL DE TULU\u00c1: SE SUMA A LA CONMEMORACI\u00d3N DEL D\u00cdA INTERNACIONAL PARA LA ELIMINACI\u00d3N DE LA VIOLENCIA CONTRA LA MUJER."},"content":{"rendered":"\n<p><\/p>\n\n\n\n<p>Este lunes, la administraci\u00f3n municipal de Tulu\u00e1 se uni\u00f3 a la conmemoraci\u00f3n del D\u00eda Internacional para la Eliminaci\u00f3n de la Violencia Contra la Mujer con el lanzamiento de la campa\u00f1a \u201cLleguemos a Cero\u201d. La iniciativa busca sensibilizar a la comunidad sobre la urgente necesidad de erradicar la violencia de g\u00e9nero en todas sus formas, con un enfoque particular en el acoso y la agresi\u00f3n sexual, problem\u00e1ticas que siguen siendo graves en la sociedad.<\/p>\n\n\n\n<p class=\"wp-embed-aspect-16-9 wp-has-aspect-ratio\"><\/p>\n\n\n\n<figure class=\"wp-block-embed is-type-video is-provider-youtube wp-block-embed-youtube wp-embed-aspect-16-9 wp-has-aspect-ratio\"><div class=\"wp-block-embed__wrapper\">\n<iframe loading=\"lazy\" title=\"Tulu\u00e1 se Une a la Campa\u00f1a &quot;Lleguemos A Cero&quot;: Para Combatir la Violencia Contra la Mujer.\" width=\"640\" height=\"360\" src=\"https:\/\/www.youtube.com\/embed\/Flvn9APZ6g4?feature=oembed\" frameborder=\"0\" allow=\"accelerometer; autoplay; clipboard-write; encrypted-media; gyroscope; picture-in-picture; web-share\" referrerpolicy=\"strict-origin-when-cross-origin\" allowfullscreen><\/iframe>\n<\/div><\/figure>\n\n\n\n<p class=\"wp-embed-aspect-16-9 wp-has-aspect-ratio\">En el marco de esta campa\u00f1a, el Consejo Municipal organiz\u00f3 un Cabildo Abierto con el objetivo de generar acciones integrales para un cambio sociocultural en el municipio, comenzando desde la capital, Tulu\u00e1. La actividad fue impulsada por el gobierno local, con el apoyo de Bienestar Social y los enlaces de mujeres, y tuvo como eje central la sensibilizaci\u00f3n sobre la prevenci\u00f3n y erradicaci\u00f3n de la violencia contra la mujer.<\/p>\n\n\n\n<p class=\"wp-embed-aspect-16-9 wp-has-aspect-ratio\">Durante el evento, se destac\u00f3 la importancia de identificar los diferentes tipos de violencia que afectan a las mujeres y se hizo un llamado a la acci\u00f3n colectiva, involucrando a toda la ciudadan\u00eda, especialmente al sector educativo, para proteger los derechos de las mujeres y ni\u00f1as. Se subray\u00f3 que la clave para avanzar hacia un futuro sin violencia es la educaci\u00f3n y la colaboraci\u00f3n de todos los sectores de la sociedad.<\/p>\n\n\n\n<p><\/p>\n\n\n\n<figure class=\"wp-block-image size-full\"><img loading=\"lazy\" decoding=\"async\" width=\"744\" height=\"431\" src=\"https:\/\/cnctulua.tv\/wp-content\/uploads\/2024\/11\/VIOLENM.png\" alt=\"\" class=\"wp-image-26868\" srcset=\"https:\/\/cnctulua.tv\/wp-content\/uploads\/2024\/11\/VIOLENM.png 744w, https:\/\/cnctulua.tv\/wp-content\/uploads\/2024\/11\/VIOLENM-300x174.png 300w\" sizes=\"auto, (max-width: 744px) 100vw, 744px\" \/><\/figure>\n\n\n\n<p>\u201cLa meta es clara: cero mujeres violentadas y cero mujeres abusadas. Este esfuerzo debe ser intersectorial, involucrando a todas las dependencias del gobierno y a la comunidad. Debemos comenzar desde las escuelas para proteger a nuestras ni\u00f1as y generar un cambio cultural que elimine la violencia de g\u00e9nero\u201d, expres\u00f3 uno de los organizadores del evento.<\/p>\n\n\n\n<p>La jornada tambi\u00e9n destac\u00f3 el papel fundamental de la gestora social, la doctora Luz Elena Londo\u00f1o, quien ha liderado la promoci\u00f3n de esta causa. Londo\u00f1o propuso un trabajo conjunto con todos los sectores, especialmente con los ni\u00f1os y ni\u00f1as, a trav\u00e9s de talleres, foros e iniciativas que busquen sensibilizar a la poblaci\u00f3n y fomentar un cambio de mentalidad respecto a la violencia de g\u00e9nero.<\/p>\n\n\n\n<p>\u201cEstamos trabajando para fortalecer las redes de apoyo para las v\u00edctimas de violencia y promover una cultura de paz en nuestra comunidad. Con la campa\u00f1a \u2018Lleguemos a cero\u2019, estamos dando pasos importantes para lograr una sociedad en la que las mujeres puedan vivir sin violencia, en un entorno que las respete y valore\u201d, a\u00f1adi\u00f3 la doctora Londo\u00f1o.<\/p>\n\n\n\n<p>La campa\u00f1a \u201cLleguemos a cero\u201d reafirma el compromiso de la administraci\u00f3n municipal de Tulu\u00e1 en la protecci\u00f3n de los derechos de las mujeres y en la creaci\u00f3n de un futuro libre de violencia de g\u00e9nero, donde las mujeres puedan vivir en paz y seguridad.<\/p>\n","protected":false},"excerpt":{"rendered":"<p>Este lunes, la administraci\u00f3n municipal de Tulu\u00e1 se uni\u00f3 a la conmemoraci\u00f3n del D\u00eda Internacional para la Eliminaci\u00f3n de la Violencia Contra la Mujer con el lanzamiento de la campa\u00f1a \u201cLleguemos a Cero\u201d. La iniciativa busca sensibilizar a la comunidad sobre la urgente necesidad de erradicar la violencia de g\u00e9nero en todas sus formas, con [&hellip;]<\/p>\n","protected":false},"author":4,"featured_media":26867,"comment_status":"open","ping_status":"open","sticky":false,"template":"","format":"video","meta":{"footnotes":""},"categories":[1],"tags":[],"class_list":["post-26830","post","type-post","status-publish","format-video","has-post-thumbnail","hentry","category-uncategorized","post_format-post-format-video"],"_links":{"self":[{"href":"https:\/\/cnctulua.tv\/index.php?rest_route=\/wp\/v2\/posts\/26830","targetHints":{"allow":["GET"]}}],"collection":[{"href":"https:\/\/cnctulua.tv\/index.php?rest_route=\/wp\/v2\/posts"}],"about":[{"href":"https:\/\/cnctulua.tv\/index.php?rest_route=\/wp\/v2\/types\/post"}],"author":[{"embeddable":true,"href":"https:\/\/cnctulua.tv\/index.php?rest_route=\/wp\/v2\/users\/4"}],"replies":[{"embeddable":true,"href":"https:\/\/cnctulua.tv\/index.php?rest_route=%2Fwp%2Fv2%2Fcomments&post=26830"}],"version-history":[{"count":1,"href":"https:\/\/cnctulua.tv\/index.php?rest_route=\/wp\/v2\/posts\/26830\/revisions"}],"predecessor-version":[{"id":26876,"href":"https:\/\/cnctulua.tv\/index.php?rest_route=\/wp\/v2\/posts\/26830\/revisions\/26876"}],"wp:featuredmedia":[{"embeddable":true,"href":"https:\/\/cnctulua.tv\/index.php?rest_route=\/wp\/v2\/media\/26867"}],"wp:attachment":[{"href":"https:\/\/cnctulua.tv\/index.php?rest_route=%2Fwp%2Fv2%2Fmedia&parent=26830"}],"wp:term":[{"taxonomy":"category","embeddable":true,"href":"https:\/\/cnctulua.tv\/index.php?rest_route=%2Fwp%2Fv2%2Fcategories&post=26830"},{"taxonomy":"post_tag","embeddable":true,"href":"https:\/\/cnctulua.tv\/index.php?rest_route=%2Fwp%2Fv2%2Ftags&post=26830"}],"curies":[{"name":"wp","href":"https:\/\/api.w.org\/{rel}","templated":true}]}}